{"id":9676,"date":"2021-04-08T14:45:00","date_gmt":"2021-04-08T11:45:00","guid":{"rendered":"https:\/\/dogal-tarim.org\/?p=9676"},"modified":"2021-05-17T14:49:46","modified_gmt":"2021-05-17T11:49:46","slug":"bostan-kurulus-asamalari-ile-ilgili-birkac-onemli-nokta","status":"publish","type":"post","link":"https:\/\/dogal-tarim.org\/index.php\/2021\/04\/08\/bostan-kurulus-asamalari-ile-ilgili-birkac-onemli-nokta\/","title":{"rendered":"Bostan kurulu\u015f a\u015famalar\u0131 ile ilgili birka\u00e7 \u00f6nemli nokta"},"content":{"rendered":"<h4 dir=\"ltr\">Ekin saplar\u0131n\u0131 topra\u011fa sermeden \u00f6nce karton koyabilir miyiz ?<\/h4>\n<p dir=\"ltr\">Koyabilirsiniz tabii; fakat ben olsam koymazd\u0131m. Topra\u011f\u0131 zenginle\u015ftiren \u015fey, hepimizin bildi\u011fi \u00fczere biyo \u00e7e\u015fitliliktir. Ne kadar \u00e7ok bitki t\u00fcr\u00fc varsa, toprak o kadar zenginle\u015fiyordur. Koyaca\u011f\u0131n\u0131z karton, ekin saplar\u0131n\u0131n i\u00e7indeki tohumlar\u0131n toprakla bulu\u015fmas\u0131n\u0131 engeller. Oysa ekin saplar\u0131n\u0131n i\u00e7indeki tohumlar, topra\u011fa d\u00fc\u015f\u00fcp \u00e7imlendikten sonra yine ekin saplar\u0131n\u0131n alt\u0131nda \u0131\u015f\u0131\u011fa ula\u015famad\u0131klar\u0131 i\u00e7in \u00f6lene kadarki s\u00fcre zarf\u0131nda hayatta kalacaklar ve k\u00f6kleri ile derinlere inmeye \u00e7al\u0131\u015facaklard\u0131r. Bu s\u00fcre zarf\u0131ndan her farkl\u0131 bitki, farkl\u0131 bir t\u00fcr canl\u0131ya, mikroorganizmaya, bakteriye, k\u00f6kleri arac\u0131l\u0131\u011f\u0131 ile ev sahipli\u011fi yapacakt\u0131r. Ekin saplar\u0131 ve tohumlar toprakla ne kadar erken bulu\u015fursa, topra\u011f\u0131n iyile\u015fme s\u00fcreci de o kadar h\u0131zl\u0131 ba\u015flar.<\/p>\n<h4 dir=\"ltr\">Ekin saplar\u0131 \u00f6rt\u00fcs\u00fc 20 cm de\u011fil de 10 cm olur mu ?<\/h4>\n<p dir=\"ltr\">Olmaz. 10 cm ekin saplar\u0131 topra\u011f\u0131 nemli tutabilir; fakat yabani otlar\u0131 bask\u0131layamaz. Ekin saplar\u0131 iyi s\u0131k\u0131\u015ft\u0131r\u0131lm\u0131\u015f ve d\u00fczenli bir \u015fekilde topra\u011fa yay\u0131lm\u0131\u015f, ve en az 20 cm y\u00fcksekli\u011finde olmal\u0131d\u0131r. Bu konuya dair bir ka\u00e7 \u00f6nemli noktay\u0131, kendi bostan\u0131mda da foto\u011fraflar\u0131 ile, gelecek hafta payla\u015faca\u011f\u0131m.<\/p>\n<h4 dir=\"ltr\">Ekin saplar\u0131n\u0131 topra\u011fa sermeden \u00f6nce otlar\u0131 bi\u00e7meli miyiz ?<\/h4>\n<p dir=\"ltr\">20 cm nin alt\u0131ndaki yabani otlar\u0131 bi\u00e7menize gerek yoktur. Silindire benzer bir cisim ile veya \u00fczerinde y\u00fcr\u00fcyerek hatta tercihe ba\u011fl\u0131 olarak \u00fczerinde yuvarlanarak, otlar\u0131 ezin ve k\u0131r\u0131n. Ya\u015fayan otlar, \u00f6l\u00fc otlardan daha de\u011ferlidir.<br>\nAyr\u0131ca otlar\u0131 bi\u00e7me konusu do\u011fal tar\u0131mdaki en hassas konulardan biridir. Fukuoka&#8217;n\u0131n kendi ald\u0131\u011f\u0131 noktalara g\u00f6re; otlar\u0131 do\u011fru zamanda bi\u00e7mek i\u00e7in hisleri geli\u015fen bir \u00e7ift\u00e7i, do\u011fal tar\u0131m \u00e7ift\u00e7isi olma yolundad\u0131r. Buraya da ilerleyen haftalarda de\u011finece\u011fim. Karars\u0131z kald\u0131\u011f\u0131n\u0131z bir noktada, otlar\u0131 bi\u00e7memek daha iyi bir se\u00e7imdir.<\/p>\n<h4>Ayr\u0131k otunun oldu\u011fu yerde bu bostan\u0131 yapabilir miyim ?<\/h4>\n<p dir=\"ltr\">Yapmazsan\u0131z daha iyi olur. Ayr\u0131k otuna dair detayl\u0131 bir yaz\u0131y\u0131 ilerleyen zamanlarda payla\u015fmak istiyorum. \u015eimdilik, bostan yapaca\u011f\u0131n\u0131z yerde ayr\u0131k otu olmamas\u0131 en mant\u0131kl\u0131 ad\u0131m olacakt\u0131r.<\/p>\n<h4 dir=\"ltr\">Sebze yataklar\u0131 yapmal\u0131 m\u0131y\u0131m ?<\/h4>\n<p dir=\"ltr\">\u0130sterseniz yapabilirsiniz; fakat gerek yok. Sebze yataklar\u0131 yapmak, bo\u015f yere enerji harcamak ve topra\u011f\u0131 rahats\u0131z etmektir. Topra\u011fa dokunmamak, yapabilece\u011fimiz en mant\u0131kl\u0131 se\u00e7imdir. \u00dcstelik sebze yataklar\u0131 yapmak i\u00e7in harcanan enerjiyi ve zaman\u0131 \u00e7ok daha farkl\u0131, \u00fcretken ve yararl\u0131 ad\u0131mlar i\u00e7in kullanabiliriz. Edessa&#8217;da hem sebze yataklar\u0131 hem de bu \u015fekilde kurulmu\u015f bostanlar vard\u0131r. Bu iki t\u00fcr bostana dair bir yaz\u0131y\u0131 yine ilerleyen zamanlarda payla\u015fmak istiyorum.<\/p>\n<h4 dir=\"ltr\">Ekin sap\u0131 olarak saman(hay) bulamad\u0131m, sap(straw) buldum, olur mu?<\/h4>\n<p dir=\"ltr\">Olur tabii neden olmas\u0131n. Saman ile ba\u015flamak s\u00fcreci h\u0131zland\u0131racak ve topra\u011f\u0131 daha \u00e7ok besleyecektir; fakat unutmay\u0131n ki Fukuoka kendi bostan\u0131nda, yeti\u015ftirdi\u011fi \u00e7eltiklerin sap\u0131n\u0131 kullan\u0131yordu. Saman bulam\u0131yorsan\u0131z veya \u00e7ok pahal\u0131ysa veya kendi yeti\u015ftirdi\u011finiz ekinlerin sap\u0131n\u0131 kullanmak istiyorsan\u0131z, tabii ki sap ile ba\u015flayabilirsiniz. Sadece sap ile ba\u015flanan noktada, ilk sene i\u00e7in, varsa kompost yoksa kanatl\u0131 hayvan g\u00fcbresi kullan\u0131lmas\u0131n\u0131 tavsiye ederim.<\/p>\n\n\n<div class=\"wp-block-image\"><figure class=\"aligncenter size-large is-resized\"><img decoding=\"async\" src=\"https:\/\/dogal-tarim.org\/wp-content\/uploads\/2021\/05\/FB_IMG_1620571123164.jpg\" alt=\"\" class=\"wp-image-9689\" width=\"560\" srcset=\"https:\/\/dogal-tarim.org\/wp-content\/uploads\/2021\/05\/FB_IMG_1620571123164.jpg 960w, https:\/\/dogal-tarim.org\/wp-content\/uploads\/2021\/05\/FB_IMG_1620571123164-300x225.jpg 300w, https:\/\/dogal-tarim.org\/wp-content\/uploads\/2021\/05\/FB_IMG_1620571123164-768x576.jpg 768w\" sizes=\"(max-width: 960px) 100vw, 960px\" \/><\/figure><\/div>\n","protected":false},"excerpt":{"rendered":"<p>Ekin saplar\u0131n\u0131 topra\u011fa sermeden \u00f6nce karton koyabilir miyiz ? Koyabilirsiniz tabii; fakat ben olsam koymazd\u0131m. [&hellip;]<\/p>\n","protected":false},"author":2,"featured_media":0,"comment_status":"open","ping_status":"open","sticky":false,"template":"","format":"standard","meta":{"_monsterinsights_skip_tracking":false,"footnotes":""},"categories":[1],"tags":[],"class_list":["post-9676","post","type-post","status-publish","format-standard","hentry","category-genel"],"_links":{"self":[{"href":"https:\/\/dogal-tarim.org\/index.php\/wp-json\/wp\/v2\/posts\/9676","targetHints":{"allow":["GET"]}}],"collection":[{"href":"https:\/\/dogal-tarim.org\/index.php\/wp-json\/wp\/v2\/posts"}],"about":[{"href":"https:\/\/dogal-tarim.org\/index.php\/wp-json\/wp\/v2\/types\/post"}],"author":[{"embeddable":true,"href":"https:\/\/dogal-tarim.org\/index.php\/wp-json\/wp\/v2\/users\/2"}],"replies":[{"embeddable":true,"href":"https:\/\/dogal-tarim.org\/index.php\/wp-json\/wp\/v2\/comments?post=9676"}],"version-history":[{"count":4,"href":"https:\/\/dogal-tarim.org\/index.php\/wp-json\/wp\/v2\/posts\/9676\/revisions"}],"predecessor-version":[{"id":9693,"href":"https:\/\/dogal-tarim.org\/index.php\/wp-json\/wp\/v2\/posts\/9676\/revisions\/9693"}],"wp:attachment":[{"href":"https:\/\/dogal-tarim.org\/index.php\/wp-json\/wp\/v2\/media?parent=9676"}],"wp:term":[{"taxonomy":"category","embeddable":true,"href":"https:\/\/dogal-tarim.org\/index.php\/wp-json\/wp\/v2\/categories?post=9676"},{"taxonomy":"post_tag","embeddable":true,"href":"https:\/\/dogal-tarim.org\/index.php\/wp-json\/wp\/v2\/tags?post=9676"}],"curies":[{"name":"wp","href":"https:\/\/api.w.org\/{rel}","templated":true}]}}