{"id":964,"date":"2019-12-01T18:06:06","date_gmt":"2019-12-01T15:06:06","guid":{"rendered":"https:\/\/dogal-tarim.org\/?p=964"},"modified":"2020-12-28T01:32:10","modified_gmt":"2020-12-27T22:32:10","slug":"kasim-ayi-tohumlamalari","status":"publish","type":"post","link":"https:\/\/dogal-tarim.org\/index.php\/2019\/12\/01\/kasim-ayi-tohumlamalari\/","title":{"rendered":"Kas\u0131m Ay\u0131 Tohumlamalar\u0131"},"content":{"rendered":"<p>Kas\u0131m ay\u0131 tohumlamalar\u0131, sonu\u00e7lar\u0131 ve gelece\u011fe dair at\u0131lan somut ad\u0131mlar.<br>\u0130zmir, Bodrum, Tunceli, \u0130stanbul, Samsun, Sakarya, Ordu, Antalya, Ankara, Mersin, K\u0131br\u0131s, Lecce, Bolonya ve Sicilya adas\u0131nda e\u015f zamanl\u0131 tohumlamalar yapt\u0131k bu ay i\u00e7inde. Havadan(\u00fcniversitelerin para\u015f\u00fct topluluklar\u0131 ile) ve karadan sa\u00e7t\u0131k tohumlar\u0131. Sonu\u00e7lar \u015fu \u015fekilde;<br>Toplamda 2.000 in \u00fczerinde \u00e7ocuk ve gen\u00e7 ve 3.000 in \u00fczerinde yeti\u015fkinle beraber, gelen verilere g\u00f6re 100.000 in \u00fczerinde tohum topu yap\u0131l\u0131p sa\u00e7\u0131ld\u0131. Bu tohum toplar\u0131n\u0131n %10&#8217;u hayatta kal\u0131p ya\u015fam\u0131n\u0131 devam ettirse 10.000 a\u011fa\u00e7 yapar, bir o kadar da \u00e7al\u0131 ve tek\/\u00e7ok y\u0131ll\u0131k bitki hayatta kalacak desek&#8230; d\u00fcnyay\u0131 ye\u015fillendirme ve biyo \u00e7e\u015fitlili\u011fi artt\u0131rma y\u00f6n\u00fcnde at\u0131lm\u0131\u015f b\u00fcy\u00fck bir ad\u0131md\u0131r bu.<br>\u00dclkemizden bir belediye de Sicilya adas\u0131nda d\u00fczenlenen uluslararas\u0131 tohum toplar\u0131 festivaline resmi olarak davet edildi ve bu iki belediye ormanla\u015ft\u0131rma \u00e7al\u0131\u015fmalar\u0131 yap\u0131p, kar\u015f\u0131l\u0131kl\u0131 g\u00f6r\u00fc\u015fme yapt\u0131. B\u00f6ylece uluslararas\u0131 d\u00fczeyde bir tohumlama ger\u00e7ekle\u015fmi\u015f oldu ve iyi ili\u015fkiler kuruldu.<br>10 farkl\u0131 belediye, bir o kadar STK, 3 \u00fcniversite ve bir\u00e7ok vak\u0131f, dernek, kurulu\u015f ve t\u00fczel ki\u015filer bu festivale dahil oldu. \u0130talyan bas\u0131n\u0131nda dahi yer buldu bu festival ( haberleri ge\u00e7en hafta i\u00e7inde payla\u015ft\u0131m )<br>Bir ziraat fak\u00fcltesinde do\u011fal tar\u0131m uygulay\u0131p tohum toplar\u0131 ile \u00fcretime ba\u015fland\u0131. Bir di\u011ferinde ise baharda ba\u015fl\u0131yoruz. Kendi ad\u0131ma konu\u015facak olursam, bir devrimdir bu.<br>B\u00fct\u00fcn hayat\u0131 boyunca tar\u0131mda hangi kimyasallar\u0131n ve tar\u0131m aletlerinin kullan\u0131laca\u011f\u0131n\u0131 anlatan fak\u00fcltenin profes\u00f6rlerin do\u011fal tar\u0131ma a\u00e7\u0131k olmalar\u0131, d\u00fcnyan\u0131n b\u00f6yle bir de\u011fi\u015fime haz\u0131r oldu\u011funun g\u00f6stergesidir benim i\u00e7in.<br>Yine bir\u00e7ok farkl\u0131 noktada d\u00fczenledi\u011fimiz do\u011fal tar\u0131m seminerleri ile bir\u00e7ok \u00e7iftlik do\u011fal tar\u0131m uygulamalar\u0131na ba\u015flad\u0131\/ba\u015flamaya karar verdi. Bunlar\u0131 da somut ad\u0131mlar at\u0131ld\u0131k\u00e7a payla\u015faca\u011f\u0131m, keza \u00fclkemizden de ciddi anlamda do\u011fal tar\u0131m ile \u00fcretime ge\u00e7en birka\u00e7 \u00e7iftlikle birlikte \u00e7al\u0131\u015f\u0131yoruz. Bir aksilik olmazsa ilk \u00fcretimi yak\u0131n zamanda duyurulacakt\u0131r.<br>Tunceli ilimizde de yine bir belediye, kooperatif ve \u00e7ift\u00e7iler ile birlikte pilot b\u00f6lgeler se\u00e7iliyor, baharda ilk tohumlamalara ve do\u011fal tar\u0131m ile \u00fcretime ba\u015fl\u0131yoruz. Direk olarak \u00e7ift\u00e7iler \u00fcretecek ve sat\u0131\u015f\u0131 da kooperatif \u00fczerinden yap\u0131lacak.<br>Toprak uyanana kadar tohumlar sa\u00e7maya devam edece\u011fiz. Sonras\u0131nda tohum sa\u00e7maya dahi gerek kalmayacak.&nbsp; &nbsp; &nbsp;<\/p>\n\n\n<div class=\"wp-block-image\"><figure class=\"aligncenter size-large is-resized\"><img decoding=\"async\" src=\"https:\/\/dogal-tarim.org\/wp-content\/uploads\/2020\/03\/kutluhan-768x576-2.jpg\" alt=\"\" class=\"wp-image-2440\" width=\"558\"\/><\/figure><\/div>\n","protected":false},"excerpt":{"rendered":"<p>Kas\u0131m ay\u0131 tohumlamalar\u0131, sonu\u00e7lar\u0131 ve gelece\u011fe dair at\u0131lan somut ad\u0131mlar.\u0130zmir, Bodrum, Tunceli, \u0130stanbul, Samsun, Sakarya, [&hellip;]<\/p>\n","protected":false},"author":2,"featured_media":5366,"comment_status":"open","ping_status":"open","sticky":false,"template":"","format":"standard","meta":{"_monsterinsights_skip_tracking":false,"footnotes":""},"categories":[1],"tags":[],"class_list":["post-964","post","type-post","status-publish","format-standard","has-post-thumbnail","hentry","category-genel"],"_links":{"self":[{"href":"https:\/\/dogal-tarim.org\/index.php\/wp-json\/wp\/v2\/posts\/964","targetHints":{"allow":["GET"]}}],"collection":[{"href":"https:\/\/dogal-tarim.org\/index.php\/wp-json\/wp\/v2\/posts"}],"about":[{"href":"https:\/\/dogal-tarim.org\/index.php\/wp-json\/wp\/v2\/types\/post"}],"author":[{"embeddable":true,"href":"https:\/\/dogal-tarim.org\/index.php\/wp-json\/wp\/v2\/users\/2"}],"replies":[{"embeddable":true,"href":"https:\/\/dogal-tarim.org\/index.php\/wp-json\/wp\/v2\/comments?post=964"}],"version-history":[{"count":4,"href":"https:\/\/dogal-tarim.org\/index.php\/wp-json\/wp\/v2\/posts\/964\/revisions"}],"predecessor-version":[{"id":6719,"href":"https:\/\/dogal-tarim.org\/index.php\/wp-json\/wp\/v2\/posts\/964\/revisions\/6719"}],"wp:featuredmedia":[{"embeddable":true,"href":"https:\/\/dogal-tarim.org\/index.php\/wp-json\/wp\/v2\/media\/5366"}],"wp:attachment":[{"href":"https:\/\/dogal-tarim.org\/index.php\/wp-json\/wp\/v2\/media?parent=964"}],"wp:term":[{"taxonomy":"category","embeddable":true,"href":"https:\/\/dogal-tarim.org\/index.php\/wp-json\/wp\/v2\/categories?post=964"},{"taxonomy":"post_tag","embeddable":true,"href":"https:\/\/dogal-tarim.org\/index.php\/wp-json\/wp\/v2\/tags?post=964"}],"curies":[{"name":"wp","href":"https:\/\/api.w.org\/{rel}","templated":true}]}}