{"id":8630,"date":"2021-03-06T08:52:27","date_gmt":"2021-03-06T05:52:27","guid":{"rendered":"https:\/\/dogal-tarim.org\/?p=8630"},"modified":"2021-04-18T16:37:31","modified_gmt":"2021-04-18T13:37:31","slug":"adam-otu-mandragora","status":"publish","type":"post","link":"https:\/\/dogal-tarim.org\/index.php\/2021\/03\/06\/adam-otu-mandragora\/","title":{"rendered":"Adam otu \/ Mandragora"},"content":{"rendered":"\n<p class=\"wp-block-paragraph\"><em>Solanaceae botanik<\/em><em> <\/em>&nbsp;ailesine aittir.<\/p>\n\n\n\n<p class=\"wp-block-paragraph\"><em>Mandragora<\/em>&nbsp;cinsi&nbsp;\u00fc\u00e7 ana t\u00fcr i\u00e7erir.&nbsp;Bunlardan ikisi,&nbsp;<em>Mandragora vernalis<\/em>&nbsp;ve&nbsp;<em>Mandragora autumnalis<\/em>, Akdeniz k\u00f6kenlidir ve k\u0131tam\u0131zda \u00e7ok yayg\u0131nd\u0131r.&nbsp;\u00dc\u00e7\u00fcnc\u00fcs\u00fc,&nbsp;<em>Mandragora caulescens Clarke<\/em>&nbsp;, bunun yerine Himalaya&#8217;ya \u00f6zg\u00fcd\u00fcr.<br>Bu bitki, zemin seviyesine yerle\u015ftirilen tomurcuklar vas\u0131tas\u0131yla \u00e7o\u011falan \u00e7ok y\u0131ll\u0131k bir bitkidir.&nbsp;Yapraklar bunun yerine bir bazal rozet \u015feklinde d\u00fczenlenmi\u015ftir.<\/p>\n\n\n\n<p class=\"wp-block-paragraph\">Mandragora autumnalis (b\u00f6lgemizdeki en yayg\u0131n t\u00fcr), camda bulunan bir meyve olarak dut \u00fcretir.&nbsp;Bu, elipsoid veya k\u00fcresel olmayan bir \u015fekle sahiptir, k\u0131rm\u0131z\u0131ms\u0131 veya sar\u0131-turuncu renktedir ve kurudu\u011funda koyu veya siyah\u0131ms\u0131 hale gelir. Bu t\u00fcrdeki \u00e7i\u00e7ekler mor, \u00e7ok g\u00f6steri\u015flidir. Bununla birlikte, mandrake&#8217;i en \u00e7ok karakterize eden ve mitlerin ve efsanelerin t\u00fcretildi\u011fi \u015fey, k\u00f6k sistemidir.&nbsp;Asl\u0131nda bitki, insan fig\u00fcr\u00fcn\u00fc an\u0131msatan antropomorfik bir g\u00f6r\u00fcn\u00fcm kazanabilecek kadar farkl\u0131 \u015fekillerde dallanm\u0131\u015f ve b\u00fck\u00fclm\u00fc\u015f hacimli bir yeralt\u0131 aparat\u0131yla donat\u0131lm\u0131\u015ft\u0131r.<\/p>\n\n\n\n<h2 class=\"wp-block-heading\">&nbsp;<\/h2>\n\n\n\n<h3 class=\"wp-block-heading\">Adam otu i\u00e7eri\u011fi ve toksisitesi<\/h3>\n\n\n\n<div class=\"wp-block-media-text alignwide is-stacked-on-mobile\"><figure class=\"wp-block-media-text__media\"><img fetchpriority=\"high\" decoding=\"async\" width=\"960\" height=\"720\" src=\"https:\/\/dogal-tarim.org\/wp-content\/uploads\/2021\/02\/adamotu.jpg\" alt=\"\" class=\"wp-image-8632 size-full\" srcset=\"https:\/\/dogal-tarim.org\/wp-content\/uploads\/2021\/02\/adamotu.jpg 960w, https:\/\/dogal-tarim.org\/wp-content\/uploads\/2021\/02\/adamotu-300x225.jpg 300w, https:\/\/dogal-tarim.org\/wp-content\/uploads\/2021\/02\/adamotu-768x576.jpg 768w\" sizes=\"(max-width: 960px) 100vw, 960px\" \/><\/figure><div class=\"wp-block-media-text__content\">\n<p class=\"wp-block-paragraph\">Uzun s\u00fcre antik \u00e7a\u011f t\u0131bb\u0131nda \u00fcnl\u00fcyd\u00fc.&nbsp;T\u0131bbi \u00f6zellikleri, \u00f6zellikle yer alt\u0131 organlar\u0131nda bulunan alkaloidlere atfedilmelidir.&nbsp;Bunlardan biri,&nbsp;midriatik etkiye sahip atropine benzer bir alkaloid&nbsp;olan ve daha sonra l-hyoscyamine, l-scopolamine, pseudo-hyoscyamine&#8217;i izole etmek m\u00fcmk\u00fcn olan&nbsp;<strong>mandragorindir<\/strong>.&nbsp;Bu nedenle,&nbsp;zaten bilmemiz gereken zehirli bitki olan kurtbo\u011fan ve g\u00fczelavrat otu ile&nbsp;ayn\u0131 alkaloid i\u00e7eri\u011fine sahiptir&nbsp;.<br><br>Eski zamanlarda t\u0131bbi ama\u00e7larla ya da hal\u00fcsinojenik \u00f6zellikleri nedeniyle dini rit\u00fcellerde kullan\u0131lm\u0131\u015fsa, g\u00fcn\u00fcm\u00fczde uzak durulmas\u0131 gereken zehirli bir bitki olarak kabul edilmektedir.<\/p>\n<\/div><\/div>\n\n\n\n<p class=\"wp-block-paragraph\">\u015eimdi adam otunun tarihini, g\u00f6ze \u00e7arpan \u00f6zelliklerini ve etraf\u0131nda in\u015fa edilen efsaneleri g\u00f6relim.<\/p>\n\n\n\n<h3 class=\"wp-block-heading\">Adam otu tarihi ve merak edilenler<\/h3>\n\n\n\n<p class=\"wp-block-paragraph\">Akdeniz havzas\u0131n\u0131n k\u00fclt\u00fcrleri aras\u0131nda uzun bir gelene\u011fe sahiptir.&nbsp;B\u00fcy\u00fcl\u00fc, afrodizyak, hal\u00fcsinojenik ve t\u0131bbi bitki olarak kullan\u0131lmaktad\u0131r.<\/p>\n\n\n\n<h3 class=\"wp-block-heading\"><strong>Tarihsel d\u00f6nemler<\/strong><\/h3>\n\n\n\n<p class=\"wp-block-paragraph\">Bu bitki, orta\u00e7a\u011f Avrupa b\u00fcy\u00fcc\u00fcl\u00fc\u011f\u00fcn\u00fcn en \u00fcnl\u00fclerinden biridir, ancak erdemleri M\u00d6 2000&nbsp; y\u0131l\u0131ndan itibaren bilinmektedir.<br>M\u00d6 on d\u00f6rd\u00fcnc\u00fc y\u00fczy\u0131ldan ba\u015flayarak (be\u015finci hanedan s\u0131ras\u0131nda) M\u0131s\u0131r arkeolojik kal\u0131nt\u0131lar\u0131 taraf\u0131ndan kan\u0131tlanmaktad\u0131r.&nbsp;<br>Nil\u00fcfer ve ha\u015fha\u015f ile birlikte, psikoaktif \u00f6zelliklere sahip bitkiler de merhem yap\u0131m\u0131nda kullan\u0131lm\u0131\u015ft\u0131r.&nbsp;Bunlar hipnotik, trans ve ekstatik durumlar\u0131 tetikleyebiliyordu.<br>Ayn\u0131 zamanda eski Almanlar, Yunanl\u0131lar ve Romal\u0131lar taraf\u0131ndan da biliniyordu.<\/p>\n\n\n\n<h3 class=\"wp-block-heading\"><strong>Edebiyat<\/strong><\/h3>\n\n\n\n<div class=\"wp-block-media-text alignwide is-stacked-on-mobile\"><figure class=\"wp-block-media-text__media\"><img decoding=\"async\" width=\"640\" height=\"480\" src=\"https:\/\/dogal-tarim.org\/wp-content\/uploads\/2021\/02\/adamotu1.jpg\" alt=\"\" class=\"wp-image-8634 size-full\" srcset=\"https:\/\/dogal-tarim.org\/wp-content\/uploads\/2021\/02\/adamotu1.jpg 640w, https:\/\/dogal-tarim.org\/wp-content\/uploads\/2021\/02\/adamotu1-300x225.jpg 300w\" sizes=\"(max-width: 640px) 100vw, 640px\" \/><\/figure><div class=\"wp-block-media-text__content\">\n<p class=\"wp-block-paragraph\"><\/p>\n\n\n\n<p class=\"wp-block-paragraph\">Adam otu ayr\u0131ca Homeros&#8217;un esrarengiz&nbsp;<em>moly bitkisi<\/em>&nbsp;ile de tan\u0131mlanm\u0131\u015ft\u0131r. Odysseia&#8217;n\u0131n onuncu kitab\u0131na eklenen hikayede, b\u00fcy\u00fcl\u00fc bitkiyi Odysseus\u2019a veren &#8220;tanr\u0131lar\u0131n habercisi&#8221; tanr\u0131 Hermes&#8217;tir. Ama\u00e7, onu erkekleri domuzlara d\u00f6n\u00fc\u015ft\u00fcrebilen b\u00fcy\u00fcc\u00fc Kirke&#8217;nin b\u00fcy\u00fcs\u00fcne kar\u015f\u0131 bir koruma olarak kullanmakt\u0131.<\/p>\n\n\n\n<p class=\"wp-block-paragraph\">Hikayede, moly bitkisi, klasik sihirli bitkilerinkine z\u0131t bir eylem ger\u00e7ekle\u015ftiriyor: onu tetiklemek yerine bir hayvana d\u00f6n\u00fc\u015fmeyi engelliyor.<\/p>\n<\/div><\/div>\n\n\n\n<p class=\"wp-block-paragraph\"><\/p>\n\n\n\n<p class=\"wp-block-paragraph\">Adam otu yahudi k\u00fclt\u00fcr\u00fcnde de bilinir ve Eski Ahit&#8217;te bulunur.&nbsp;Bitkinin afrodizyak ve g\u00fcbreleme \u00f6zellikleri i\u00e7in bir de\u011fi\u015fim arac\u0131 olarak kullan\u0131ld\u0131\u011f\u0131, olduk\u00e7a \u201cpagan\u201d \u00e7a\u011fr\u0131\u015f\u0131mlar\u0131 olan bir hikayeden bahsedilir.&nbsp;Asl\u0131nda, bu bitki hemen hemen her yerde, \u015fi\u015fkin bir afrodizyak olarak kabul edildi.&nbsp;\u015ea\u015f\u0131rt\u0131c\u0131 olmayan bir \u015fekilde, Yunan a\u015fk tanr\u0131\u00e7as\u0131 Afrodit&#8217;in&nbsp;<em>Mandragoritis<\/em>&nbsp;takma ad\u0131 vard\u0131.<\/p>\n\n\n\n<h3 class=\"wp-block-heading\"><strong>Pop\u00fcler inan\u00e7lar<\/strong><strong><\/strong><\/h3>\n\n\n\n<p class=\"wp-block-paragraph\">B\u00fcy\u00fck k\u00f6k ve meyveler, bitkinin t\u0131bbi ve psikoaktif etkiler i\u00e7in kullan\u0131lan k\u0131s\u0131mlar\u0131yd\u0131. Eski zamanlardan beri, k\u00f6k\u00fcn \u015fekli bir erke\u011fin veya bir kad\u0131n\u0131n \u00f6zelliklerini tan\u0131mak i\u00e7in kullan\u0131lm\u0131\u015ft\u0131r.&nbsp;Bu antropomorfik \u00f6zde\u015fle\u015fme, bu bitki ile ilgili mitolojide, inan\u00e7larda ve rit\u00fcellerde bir ilham kayna\u011f\u0131 olmu\u015ftur.<\/p>\n\n\n\n<p class=\"wp-block-paragraph\">Orta\u00e7a\u011f d\u00f6nemlerinin \u00e7e\u015fitli kaynaklar\u0131nda, mahkum bir adam as\u0131ld\u0131\u011f\u0131nda, \u00f6ld\u00fc\u011f\u00fc anda, seminal s\u0131v\u0131s\u0131n\u0131n veya idrar\u0131n\u0131n yere d\u00fc\u015fmesinden, adam otunun \u00fcredi\u011finin inanc\u0131 bildirilmektedir.\u00a0Bu konuyu genellikle bitkinin hasat edilmesi i\u00e7in prosed\u00fcr a\u00e7\u0131klamas\u0131 takip eder.\u00a0Asl\u0131nda, onu ortadan kald\u0131rmaya \u00e7al\u0131\u015fan herkesin, ama ayn\u0131 zamanda yanl\u0131\u015fl\u0131kla \u00fczerine tak\u0131lan veya ona \u00e7ok yakla\u015fan herkesin \u00f6lece\u011fine inan\u0131l\u0131yordu.<br><br><\/p>\n\n\n\n<p class=\"wp-block-paragraph\"><a href=\"https:\/\/dogal-tarim.org\/index.php\/masanobu-fukuoka\/\">Masanobu Fukuoka<\/a>\u2018n\u0131n insanl\u0131\u011fa hediyesi <a href=\"https:\/\/dogal-tarim.org\/index.php\/2019\/06\/21\/dogal-tarim\/\">do\u011fal tar\u0131m<\/a>da <a href=\"https:\/\/dogal-tarim.org\/index.php\/topragi-islemek-yok\/\">topra\u011f\u0131 i\u015flemek<\/a>, <a href=\"https:\/\/dogal-tarim.org\/index.php\/gubrelemek-yok\/\">g\u00fcbrelemek<\/a>, <a href=\"https:\/\/dogal-tarim.org\/index.php\/yabani-ot-temizligi-yok\/\">yabani ot temizli\u011fi<\/a>, <a href=\"https:\/\/dogal-tarim.org\/index.php\/tarim-ilaclari-yok\/\">ila\u00e7lama <\/a>ve <a href=\"https:\/\/dogal-tarim.org\/index.php\/agaclari-budamak-yok\/\">a\u011fa\u00e7lar\u0131 budamak yok<\/a>. Rahat b\u0131rak\u0131lan do\u011fa m\u00fckemmel bir dengededir.<\/p>\n\n\n\n<p class=\"wp-block-paragraph\"><a href=\"https:\/\/dogal-tarim.org\/\">Do\u011fal Tar\u0131m Merkezi <\/a>olarak d\u00fcnyan\u0131n \u00e7e\u015fitli yerlerinde <a href=\"https:\/\/dogal-tarim.org\/index.php\/cirali-antalya-temmuz\/\">\u00fccretsiz seminerler<\/a>, ormanla\u015ft\u0131rma i\u00e7in <a href=\"https:\/\/dogal-tarim.org\/index.php\/2019\/12\/01\/kasim-ayi-tohumlamalari\/\">tohumlamalar<\/a>, yeni <a href=\"https:\/\/dogal-tarim.org\/index.php\/italya-dogal-tarim-ciftligi\/\">do\u011fal tar\u0131m \u00e7iftlikleri<\/a> kurmak i\u00e7in \u00e7al\u0131\u015fmalar yap\u0131yoruz. Sizde do\u011fal g\u0131dalar \u00fcretmek ve tohumlamalar ger\u00e7ekle\u015ftirmek isterseniz bize <a href=\"https:\/\/dogal-tarim.org\/index.php\/iletisim\/\">ula\u015fabilirsiniz.<\/a><\/p>\n","protected":false},"excerpt":{"rendered":"<p>Solanaceae botanik &nbsp;ailesine aittir. Mandragora&nbsp;cinsi&nbsp;\u00fc\u00e7 ana t\u00fcr i\u00e7erir.&nbsp;Bunlardan ikisi,&nbsp;Mandragora vernalis&nbsp;ve&nbsp;Mandragora autumnalis, Akdeniz k\u00f6kenlidir ve k\u0131tam\u0131zda [&hellip;]<\/p>\n","protected":false},"author":2,"featured_media":0,"comment_status":"open","ping_status":"open","sticky":false,"template":"","format":"standard","meta":{"_monsterinsights_skip_tracking":false,"footnotes":""},"categories":[1],"tags":[],"class_list":["post-8630","post","type-post","status-publish","format-standard","hentry","category-genel"],"_links":{"self":[{"href":"https:\/\/dogal-tarim.org\/index.php\/wp-json\/wp\/v2\/posts\/8630","targetHints":{"allow":["GET"]}}],"collection":[{"href":"https:\/\/dogal-tarim.org\/index.php\/wp-json\/wp\/v2\/posts"}],"about":[{"href":"https:\/\/dogal-tarim.org\/index.php\/wp-json\/wp\/v2\/types\/post"}],"author":[{"embeddable":true,"href":"https:\/\/dogal-tarim.org\/index.php\/wp-json\/wp\/v2\/users\/2"}],"replies":[{"embeddable":true,"href":"https:\/\/dogal-tarim.org\/index.php\/wp-json\/wp\/v2\/comments?post=8630"}],"version-history":[{"count":9,"href":"https:\/\/dogal-tarim.org\/index.php\/wp-json\/wp\/v2\/posts\/8630\/revisions"}],"predecessor-version":[{"id":9429,"href":"https:\/\/dogal-tarim.org\/index.php\/wp-json\/wp\/v2\/posts\/8630\/revisions\/9429"}],"wp:attachment":[{"href":"https:\/\/dogal-tarim.org\/index.php\/wp-json\/wp\/v2\/media?parent=8630"}],"wp:term":[{"taxonomy":"category","embeddable":true,"href":"https:\/\/dogal-tarim.org\/index.php\/wp-json\/wp\/v2\/categories?post=8630"},{"taxonomy":"post_tag","embeddable":true,"href":"https:\/\/dogal-tarim.org\/index.php\/wp-json\/wp\/v2\/tags?post=8630"}],"curies":[{"name":"wp","href":"https:\/\/api.w.org\/{rel}","templated":true}]}}