{"id":8424,"date":"2021-04-09T09:09:00","date_gmt":"2021-04-09T06:09:00","guid":{"rendered":"https:\/\/dogal-tarim.org\/?p=8424"},"modified":"2021-04-18T15:38:14","modified_gmt":"2021-04-18T12:38:14","slug":"frenk-uzumu-ribes","status":"publish","type":"post","link":"https:\/\/dogal-tarim.org\/index.php\/2021\/04\/09\/frenk-uzumu-ribes\/","title":{"rendered":"Frenk \u00fcz\u00fcm\u00fc \/ Ribes"},"content":{"rendered":"\n<p class=\"wp-block-paragraph\">Frenk \u00fcz\u00fcm\u00fc meyvelerinin yeti\u015ftirilmesi son y\u0131llarda katlanarak b\u00fcy\u00fcm\u00fc\u015ft\u00fcr.<br>Bug\u00fcn ara\u015ft\u0131raca\u011f\u0131m\u0131z farkl\u0131 t\u00fcr ve \u00e7e\u015fitleri bulunan frenk \u00fcz\u00fcm\u00fc, farkl\u0131 iklimlere \u00e7ok uygun son derece rustik bir bitkidir.<br>Yeti\u015ftiricili\u011fi i\u00e7in ideal olan tepe veya da\u011flard\u0131r.<br>Bitki, yakla\u015f\u0131k 150 t\u00fcr\u00fc&nbsp;bulunan&nbsp;<em>Grossulariaceae<\/em>&nbsp;botanik ailesine aittir.<br>Yeti\u015ftiricili\u011fe en uygun \u00e7e\u015fitler:<\/p>\n\n\n\n<ul class=\"wp-block-list\"><li>K\u0131rm\u0131z\u0131&nbsp;,&nbsp;<em>Ribes rubrum<\/em><\/li><li>Siyah&nbsp;,&nbsp;<em>Ribes nigrum<\/em><\/li><li>Beyaz&nbsp;,&nbsp;<em>Ribes sativum<\/em><\/li><\/ul>\n\n\n\n<p class=\"wp-block-paragraph\">\u00d6yleyse bu bitkinin botanik \u00f6zelliklerini ve faydalar\u0131n\u0131 inceleyelim.<\/p>\n\n\n\n<p class=\"wp-block-paragraph\">Botanik \u00f6zelliklerine ge\u00e7meden \u00f6nce k\u0131sa bir hat\u0131rlatma yapmak istiyoruz. <a href=\"https:\/\/dogal-tarim.org\/index.php\/masanobu-fukuoka\/\">Masanobu Fukuoka<\/a>\u2018n\u0131n insanl\u0131\u011fa hediyesi <a href=\"https:\/\/dogal-tarim.org\/index.php\/2019\/06\/21\/dogal-tarim\/\">do\u011fal tar\u0131m<\/a>da <a href=\"https:\/\/dogal-tarim.org\/index.php\/topragi-islemek-yok\/\">topra\u011f\u0131 i\u015flemek<\/a>, <a href=\"https:\/\/dogal-tarim.org\/index.php\/gubrelemek-yok\/\">g\u00fcbrelemek<\/a>, <a href=\"https:\/\/dogal-tarim.org\/index.php\/yabani-ot-temizligi-yok\/\">yabani ot temizli\u011fi<\/a>, <a href=\"https:\/\/dogal-tarim.org\/index.php\/tarim-ilaclari-yok\/\">ila\u00e7lama <\/a>ve <a href=\"https:\/\/dogal-tarim.org\/index.php\/agaclari-budamak-yok\/\">a\u011fa\u00e7lar\u0131 budamak yok<\/a>. Rahat b\u0131rak\u0131lan do\u011fa m\u00fckemmel bir dengededir.<\/p>\n\n\n\n<h3 class=\"wp-block-heading\">Botanik \u00f6zellikler<\/h3>\n\n\n\n<p class=\"wp-block-paragraph\">Frenk \u00fcz\u00fcm\u00fc bitkisi, \u00e7e\u015fidine ve yeti\u015ftirme tekni\u011fine ba\u011fl\u0131 olarak 1 ila 3 metre y\u00fcksekli\u011fe ula\u015fabilen, genellikle g\u00fcr olan \u00e7ok y\u0131ll\u0131k yaprak d\u00f6ken bir \u00e7al\u0131d\u0131r.<\/p>\n\n\n\n<div class=\"wp-block-media-text alignwide is-stacked-on-mobile\"><figure class=\"wp-block-media-text__media\"><img fetchpriority=\"high\" decoding=\"async\" width=\"960\" height=\"640\" src=\"https:\/\/dogal-tarim.org\/wp-content\/uploads\/2021\/02\/frenk-uzumu.jpg\" alt=\"\" class=\"wp-image-8428 size-full\" srcset=\"https:\/\/dogal-tarim.org\/wp-content\/uploads\/2021\/02\/frenk-uzumu.jpg 960w, https:\/\/dogal-tarim.org\/wp-content\/uploads\/2021\/02\/frenk-uzumu-300x200.jpg 300w, https:\/\/dogal-tarim.org\/wp-content\/uploads\/2021\/02\/frenk-uzumu-768x512.jpg 768w\" sizes=\"(max-width: 960px) 100vw, 960px\" \/><\/figure><div class=\"wp-block-media-text__content\">\n<p class=\"wp-block-paragraph\">Esas olarak ilk 30 cm derinlikte yo\u011funla\u015fm\u0131\u015f y\u00fczeysel bir k\u00f6k sistemine sahiptir.<\/p>\n\n\n\n<p class=\"wp-block-paragraph\">Frenk \u00fcz\u00fcm\u00fc yapraklar\u0131 basit, perdeli ve 3-5 lobludur.&nbsp;\u00dcst tarafta t\u00fcys\u00fcz, alt tarafta ise t\u00fcyl\u00fcd\u00fcr.&nbsp;Genellikle kendi kendine&nbsp;<em>d\u00f6llenen<\/em> \u00e7i\u00e7ekler (&nbsp;<em>Ribes nigrum<\/em>&nbsp;hari\u00e7&nbsp;), bazen k\u0131rm\u0131z\u0131 ile noktal\u0131 5 ye\u015filimsi veya kahverengimsi \u00e7anak yapraklardan olu\u015fur.&nbsp;Sepals, ta\u00e7 yapraklar\u0131na e\u015fit geni\u015fliktedir, ancak iki kat daha uzundur.<\/p>\n<\/div><\/div>\n\n\n\n<p class=\"wp-block-paragraph\">Meyve, k\u00fcmeler halinde toplanm\u0131\u015f, yuvarlak \u015fekilli yar\u0131 saydam bir meyvedir. Yeti\u015ftirilen t\u00fcrlere (k\u0131rm\u0131z\u0131, beyaz, siyah) g\u00f6re de\u011fi\u015fken bir renge sahiptir.&nbsp;Frenk \u00fcz\u00fcm\u00fc meyvesinin \u00e7ap\u0131 genellikle bir santimetreden azd\u0131r.<\/p>\n\n\n\n<p class=\"wp-block-paragraph\">Meyve tatl\u0131-ek\u015fi bir tada sahiptir, siyah ku\u015f \u00fcz\u00fcm\u00fc daha ac\u0131d\u0131r.&nbsp;Meyvenin i\u00e7inde \u00e7ok k\u00fc\u00e7\u00fck boyutlu \u00e7ok say\u0131da tohum bulunur.<br>Frenk \u00fcz\u00fcm\u00fc ikinci y\u0131l\u0131ndan itibaren \u00fcretime giriyor, ancak 4-5 y\u0131lda tam \u00fcretim ba\u015fl\u0131yor.<\/p>\n\n\n\n<h3 class=\"wp-block-heading\"><strong>\u0130\u00e7eri\u011fi ve faydal\u0131 \u00f6zellikleri<\/strong><\/h3>\n\n\n\n<p class=\"wp-block-paragraph\">Y\u00fcksek miktarda B ve C vitaminleri i\u00e7erir. Manganez, fosfor, demir, bak\u0131r, potasyum mineralleri bak\u0131m\u0131ndan zengindir. \u0130yi orandaki lif i\u00e7eri\u011fi sayesinde ba\u011f\u0131rsak sistemini rahatlat\u0131r, kab\u0131zl\u0131\u011f\u0131 \u00f6nler.<\/p>\n\n\n\n<p class=\"wp-block-paragraph\">Ate\u015f d\u00fc\u015f\u00fcr\u00fcc\u00fcd\u00fcr.<\/p>\n\n\n\n<p class=\"wp-block-paragraph\">Antioksidand\u0131r.<\/p>\n\n\n\n<p class=\"wp-block-paragraph\">Adet d\u00f6nemi a\u011fr\u0131, kramp ve huzursuzluk gibi belirtilerin azalt\u0131lmas\u0131na yard\u0131mc\u0131 olur.<\/p>\n\n\n\n<p class=\"wp-block-paragraph\">\u0130\u015ftah a\u00e7\u0131c\u0131d\u0131r.<\/p>\n\n\n\n<p class=\"wp-block-paragraph\">\u0130drar s\u00f6kt\u00fcr\u00fcc\u00fc \u00f6zelli\u011fi ile b\u00f6breklerin \u00e7al\u0131\u015fmas\u0131n\u0131 destekler.<\/p>\n\n\n\n<p class=\"wp-block-paragraph\">Yapraklardan yap\u0131lan \u00e7ay &nbsp;gut ve romatizma rahats\u0131zl\u0131klar\u0131na iyi gelir.<\/p>\n\n\n\n<p class=\"wp-block-paragraph\">Yapraklardan yap\u0131lan inf\u00fczyon, yaralar\u0131 iyile\u015ftirmede yard\u0131mc\u0131d\u0131r. A\u011f\u0131z enfeksiyonunda gargara \u015feklinde kullan\u0131labilir.<\/p>\n\n\n\n<p class=\"wp-block-paragraph\">Cildi nemlendirir, ya\u015flanmay\u0131 geciktirir.<\/p>\n\n\n\n<figure class=\"wp-block-gallery columns-3 is-cropped wp-block-gallery-1 is-layout-flex wp-block-gallery-is-layout-flex\"><ul class=\"blocks-gallery-grid\"><li class=\"blocks-gallery-item\"><figure><a href=\"https:\/\/dogal-tarim.org\/wp-content\/uploads\/2021\/02\/frenk-uzumu4.jpg\"><img decoding=\"async\" width=\"960\" height=\"640\" src=\"https:\/\/dogal-tarim.org\/wp-content\/uploads\/2021\/02\/frenk-uzumu4.jpg\" alt=\"\" data-id=\"8433\" data-full-url=\"https:\/\/dogal-tarim.org\/wp-content\/uploads\/2021\/02\/frenk-uzumu4.jpg\" data-link=\"https:\/\/dogal-tarim.org\/?attachment_id=8433#main\" class=\"wp-image-8433\" srcset=\"https:\/\/dogal-tarim.org\/wp-content\/uploads\/2021\/02\/frenk-uzumu4.jpg 960w, https:\/\/dogal-tarim.org\/wp-content\/uploads\/2021\/02\/frenk-uzumu4-300x200.jpg 300w, https:\/\/dogal-tarim.org\/wp-content\/uploads\/2021\/02\/frenk-uzumu4-768x512.jpg 768w\" sizes=\"(max-width: 960px) 100vw, 960px\" \/><\/a><\/figure><\/li><li class=\"blocks-gallery-item\"><figure><a href=\"https:\/\/dogal-tarim.org\/wp-content\/uploads\/2021\/02\/frenkuzumu1.jpg\"><img decoding=\"async\" width=\"960\" height=\"720\" src=\"https:\/\/dogal-tarim.org\/wp-content\/uploads\/2021\/02\/frenkuzumu1.jpg\" alt=\"\" data-id=\"8434\" data-full-url=\"https:\/\/dogal-tarim.org\/wp-content\/uploads\/2021\/02\/frenkuzumu1.jpg\" data-link=\"https:\/\/dogal-tarim.org\/?attachment_id=8434#main\" class=\"wp-image-8434\" srcset=\"https:\/\/dogal-tarim.org\/wp-content\/uploads\/2021\/02\/frenkuzumu1.jpg 960w, https:\/\/dogal-tarim.org\/wp-content\/uploads\/2021\/02\/frenkuzumu1-300x225.jpg 300w, https:\/\/dogal-tarim.org\/wp-content\/uploads\/2021\/02\/frenkuzumu1-768x576.jpg 768w\" sizes=\"(max-width: 960px) 100vw, 960px\" \/><\/a><\/figure><\/li><li class=\"blocks-gallery-item\"><figure><a href=\"https:\/\/dogal-tarim.org\/wp-content\/uploads\/2021\/02\/frenkuzumu2.jpg\"><img loading=\"lazy\" decoding=\"async\" width=\"960\" height=\"521\" src=\"https:\/\/dogal-tarim.org\/wp-content\/uploads\/2021\/02\/frenkuzumu2.jpg\" alt=\"\" data-id=\"8435\" data-full-url=\"https:\/\/dogal-tarim.org\/wp-content\/uploads\/2021\/02\/frenkuzumu2.jpg\" data-link=\"https:\/\/dogal-tarim.org\/?attachment_id=8435#main\" class=\"wp-image-8435\" srcset=\"https:\/\/dogal-tarim.org\/wp-content\/uploads\/2021\/02\/frenkuzumu2.jpg 960w, https:\/\/dogal-tarim.org\/wp-content\/uploads\/2021\/02\/frenkuzumu2-300x163.jpg 300w, https:\/\/dogal-tarim.org\/wp-content\/uploads\/2021\/02\/frenkuzumu2-768x417.jpg 768w\" sizes=\"(max-width: 960px) 100vw, 960px\" \/><\/a><\/figure><\/li><\/ul><\/figure>\n\n\n\n<p class=\"wp-block-paragraph\"><a href=\"https:\/\/dogal-tarim.org\/\">Do\u011fal Tar\u0131m Merkezi <\/a>olarak d\u00fcnyan\u0131n \u00e7e\u015fitli yerlerinde <a href=\"https:\/\/dogal-tarim.org\/index.php\/cirali-antalya-temmuz\/\">\u00fccretsiz seminerler<\/a>, ormanla\u015ft\u0131rma i\u00e7in <a href=\"https:\/\/dogal-tarim.org\/index.php\/2019\/12\/01\/kasim-ayi-tohumlamalari\/\">tohumlamalar<\/a>, yeni <a href=\"https:\/\/dogal-tarim.org\/index.php\/italya-dogal-tarim-ciftligi\/\">do\u011fal tar\u0131m \u00e7iftlikleri<\/a> kurmak i\u00e7in \u00e7al\u0131\u015fmalar yap\u0131yoruz. Sizde do\u011fal g\u0131dalar \u00fcretmek ve tohumlamalar ger\u00e7ekle\u015ftirmek isterseniz bize <a href=\"https:\/\/dogal-tarim.org\/index.php\/iletisim\/\">ula\u015fabilirsiniz.<\/a><\/p>\n","protected":false},"excerpt":{"rendered":"<p>Frenk \u00fcz\u00fcm\u00fc meyvelerinin yeti\u015ftirilmesi son y\u0131llarda katlanarak b\u00fcy\u00fcm\u00fc\u015ft\u00fcr.Bug\u00fcn ara\u015ft\u0131raca\u011f\u0131m\u0131z farkl\u0131 t\u00fcr ve \u00e7e\u015fitleri bulunan frenk [&hellip;]<\/p>\n","protected":false},"author":2,"featured_media":0,"comment_status":"open","ping_status":"open","sticky":false,"template":"","format":"standard","meta":{"_monsterinsights_skip_tracking":false,"footnotes":""},"categories":[1],"tags":[],"class_list":["post-8424","post","type-post","status-publish","format-standard","hentry","category-genel"],"_links":{"self":[{"href":"https:\/\/dogal-tarim.org\/index.php\/wp-json\/wp\/v2\/posts\/8424","targetHints":{"allow":["GET"]}}],"collection":[{"href":"https:\/\/dogal-tarim.org\/index.php\/wp-json\/wp\/v2\/posts"}],"about":[{"href":"https:\/\/dogal-tarim.org\/index.php\/wp-json\/wp\/v2\/types\/post"}],"author":[{"embeddable":true,"href":"https:\/\/dogal-tarim.org\/index.php\/wp-json\/wp\/v2\/users\/2"}],"replies":[{"embeddable":true,"href":"https:\/\/dogal-tarim.org\/index.php\/wp-json\/wp\/v2\/comments?post=8424"}],"version-history":[{"count":8,"href":"https:\/\/dogal-tarim.org\/index.php\/wp-json\/wp\/v2\/posts\/8424\/revisions"}],"predecessor-version":[{"id":9407,"href":"https:\/\/dogal-tarim.org\/index.php\/wp-json\/wp\/v2\/posts\/8424\/revisions\/9407"}],"wp:attachment":[{"href":"https:\/\/dogal-tarim.org\/index.php\/wp-json\/wp\/v2\/media?parent=8424"}],"wp:term":[{"taxonomy":"category","embeddable":true,"href":"https:\/\/dogal-tarim.org\/index.php\/wp-json\/wp\/v2\/categories?post=8424"},{"taxonomy":"post_tag","embeddable":true,"href":"https:\/\/dogal-tarim.org\/index.php\/wp-json\/wp\/v2\/tags?post=8424"}],"curies":[{"name":"wp","href":"https:\/\/api.w.org\/{rel}","templated":true}]}}