{"id":7828,"date":"2021-02-07T13:49:36","date_gmt":"2021-02-07T10:49:36","guid":{"rendered":"https:\/\/dogal-tarim.org\/?p=7828"},"modified":"2021-02-13T14:27:55","modified_gmt":"2021-02-13T11:27:55","slug":"iklim-degisikligi-ve-dogal-tarim","status":"publish","type":"post","link":"https:\/\/dogal-tarim.org\/index.php\/2021\/02\/07\/iklim-degisikligi-ve-dogal-tarim\/","title":{"rendered":"\u0130klim de\u011fi\u015fikli\u011fi ve do\u011fal tar\u0131m"},"content":{"rendered":"<p>Hava s\u0131cakl\u0131klar\u0131 15 derecelerin \u00fcst\u00fcnde olunca do\u011fa hareketlenmeye ba\u015flad\u0131. B\u00f6rt\u00fc b\u00f6cek u\u00e7u\u015fmaya, ku\u015flar \u00f6t\u00fc\u015fmeye, soluncalar da hareketlili\u011fini artt\u0131rmaya ba\u015flad\u0131.<\/p>\n<p>G\u00fcnd\u00fcz s\u0131cakl\u0131\u011f\u0131 birka\u00e7 g\u00fcn 14-15 derecenin \u00fczerine \u00e7\u0131k\u0131nca canl\u0131lar uyan\u0131yor.<br>\nGece s\u0131cakl\u0131klar\u0131 birka\u00e7 g\u00fcn 6-7 derecenin \u00fczerinde olunca a\u011fa\u00e7lar uyanmaya ba\u015fl\u0131yor ki \u00e7ok tehlikeli bir durum.<\/p>\n<p>\u00d6zellikle iklim de\u011fi\u015fikli\u011fi ve \u0131s\u0131nan gezegen t\u00fcm canl\u0131lar i\u00e7in b\u00fcy\u00fck bir kafa kar\u0131\u015f\u0131kl\u0131\u011f\u0131na neden oluyor. \u015eubat ay\u0131nda olmamas\u0131 gereken s\u0131cakl\u0131klarla kar\u015f\u0131la\u015fan canl\u0131lar uyanmaya ba\u015fl\u0131yor ve hemen ard\u0131ndan gelen donlar ile ciddi zarar g\u00f6r\u00fcyorlar. \u00dcstelik sadece \u00e7i\u00e7ekler de\u011fil, a\u011fac\u0131n kendisi de ciddi zarar g\u00f6r\u00fcyor.<\/p>\n<p>\u00d6n\u00fcm\u00fczdeki hafta tekrar -10 dereceleri g\u00f6rece\u011fiz. \u015eiddetli donlar, poyraz ve kar tekrar kap\u0131da. \u00c7i\u00e7e\u011fe duran bademleri kaybettik denebilir. Muhtemelen bu sene ciddi bir badem hasad\u0131 olmayacak.<br>\nMonok\u00fclt\u00fcr bir badem \u00e7iftli\u011fi olsayd\u0131k vay halimize&#8230; fakat 200 \u00fcn \u00fczerindeki \u00e7e\u015fit \u00e7e\u015fit meyveler ve farkl\u0131 t\u00fcrdeki a\u011fa\u00e7lar bu gibi durumlar i\u00e7in en b\u00fcy\u00fck g\u00fcvencemiz. Bu sene badem az olacak fakat ba\u015fka bir meyve bereketi ve bollu\u011fu ile gelecek. Do\u011fa kendi yolunu \u00e7izecek. Belki bu sene badem de\u011fil de elma veya armut yememiz gerekiyor sa\u011fl\u0131kl\u0131 olabilmek i\u00e7in.<\/p>\n<p>Badem t\u00fcrleri aras\u0131nda dahi ciddi farklar var. Fidecilerden sat\u0131n al\u0131nm\u0131\u015f a\u011fa\u00e7lar de\u011fi\u015fen hava s\u0131cakl\u0131klar\u0131 kar\u015f\u0131s\u0131nda kolayca aldan\u0131rken tohumdan yeti\u015fen bademler i\u00e7in durum farkl\u0131.<br>\nFideciden sat\u0131n al\u0131nan meyve a\u011fa\u00e7lar\u0131n\u0131n \u00e7i\u00e7e\u011fe ve meyveye duraca\u011f\u0131 tarih bellidir. \u00d6zellikle se\u00e7ilmi\u015ftir. Oysa tohumdan yeti\u015fen ve insan m\u00fcdahalesi olmayan a\u011fa\u00e7lar i\u00e7in b\u00f6yle bir durum yok. Adaptasyon yetenekleri \u00e7ok daha g\u00fc\u00e7l\u00fc ve de\u011fi\u015fen hava s\u0131cakl\u0131klar\u0131 kar\u015f\u0131s\u0131nda kolayca aldanm\u0131yorlar. Tabii belirli s\u0131n\u0131rlar dahilinde.<\/p>\n<p>Tar\u0131m\u0131n g\u00fcnden g\u00fcne zorla\u015f\u0131yor. Topraklar\u0131m\u0131z zehirlendi, sular zehirli ak\u0131yor, elimizde kalan son tohumlar\u0131 da kaybetmek \u00fczereyiz. Bir de iklim de\u011fi\u015fikli\u011fi eklenince durum \u00e7ift\u00e7iler i\u00e7in \u00e7ok zor bir hale geliyor.<\/p>\n<p>Y\u0131llarca kafeste ya\u015fayan bir ku\u015fu ormana b\u0131rak\u0131rsan\u0131z hayatta kalamayacakt\u0131r. Oysa ormanda do\u011fup b\u00fcy\u00fcm\u00fc\u015f bir ku\u015f i\u00e7in durum \u00e7ok daha farkl\u0131. Sa\u011fl\u0131kl\u0131 bitkiler yeti\u015ftirmek ve bir g\u00fcn, bir \u00e7ift\u00e7i olarak hi\u00e7bir \u015fey yapmama noktas\u0131na varmak istiyorsan\u0131z a\u011fa\u00e7lar\u0131 \u00e7ekirdekten yeti\u015ftirin. Sulamay\u0131n, g\u00fcbrelemeyin sadece sevin. O yolunu bulacakt\u0131r.<\/p>\n<p>\u00d6n\u00fcm\u00fczdeki y\u0131llarda daha da ciddile\u015fecek bu durum i\u00e7in bir an \u00f6nce harekete ge\u00e7mek d\u0131\u015f\u0131nda ba\u015fka bir \u015fans\u0131m\u0131z yok.<\/p>\n<p>Not: \u0130lk 3 foto\u011fraf incir a\u011fac\u0131n\u0131n kollar\u0131 alt\u0131nda, hava s\u0131cakl\u0131klar\u0131na aldanm\u0131\u015f ve \u00e7i\u00e7e\u011fe durmu\u015f bir badem a\u011fac\u0131d\u0131r. Son foto\u011fraf ise nanelerin aras\u0131nda, tohumunu ku\u015flar\u0131n sa\u00e7t\u0131\u011f\u0131 \u00e7in lahanas\u0131n\u0131 g\u00f6rebilirsiniz.<\/p>\n\n\n<figure class=\"wp-block-gallery columns-4 is-cropped wp-block-gallery-1 is-layout-flex wp-block-gallery-is-layout-flex\"><ul class=\"blocks-gallery-grid\"><li class=\"blocks-gallery-item\"><figure><img fetchpriority=\"high\" decoding=\"async\" width=\"960\" height=\"721\" src=\"https:\/\/dogal-tarim.org\/wp-content\/uploads\/2021\/02\/FB_IMG_1612694770603.jpg\" alt=\"\" data-id=\"7830\" data-full-url=\"https:\/\/dogal-tarim.org\/wp-content\/uploads\/2021\/02\/FB_IMG_1612694770603.jpg\" data-link=\"https:\/\/dogal-tarim.org\/index.php\/2021\/02\/07\/iklim-degisikligi-ve-dogal-tarim\/fb_img_1612694770603\/#main\" class=\"wp-image-7830\" srcset=\"https:\/\/dogal-tarim.org\/wp-content\/uploads\/2021\/02\/FB_IMG_1612694770603.jpg 960w, https:\/\/dogal-tarim.org\/wp-content\/uploads\/2021\/02\/FB_IMG_1612694770603-300x225.jpg 300w, https:\/\/dogal-tarim.org\/wp-content\/uploads\/2021\/02\/FB_IMG_1612694770603-768x577.jpg 768w\" sizes=\"(max-width: 960px) 100vw, 960px\" \/><\/figure><\/li><li class=\"blocks-gallery-item\"><figure><img decoding=\"async\" width=\"960\" height=\"721\" src=\"https:\/\/dogal-tarim.org\/wp-content\/uploads\/2021\/02\/FB_IMG_1612694777710.jpg\" alt=\"\" data-id=\"7831\" data-full-url=\"https:\/\/dogal-tarim.org\/wp-content\/uploads\/2021\/02\/FB_IMG_1612694777710.jpg\" data-link=\"https:\/\/dogal-tarim.org\/index.php\/2021\/02\/07\/iklim-degisikligi-ve-dogal-tarim\/fb_img_1612694777710\/#main\" class=\"wp-image-7831\" srcset=\"https:\/\/dogal-tarim.org\/wp-content\/uploads\/2021\/02\/FB_IMG_1612694777710.jpg 960w, https:\/\/dogal-tarim.org\/wp-content\/uploads\/2021\/02\/FB_IMG_1612694777710-300x225.jpg 300w, https:\/\/dogal-tarim.org\/wp-content\/uploads\/2021\/02\/FB_IMG_1612694777710-768x577.jpg 768w\" sizes=\"(max-width: 960px) 100vw, 960px\" \/><\/figure><\/li><li class=\"blocks-gallery-item\"><figure><img decoding=\"async\" width=\"960\" height=\"721\" src=\"https:\/\/dogal-tarim.org\/wp-content\/uploads\/2021\/02\/FB_IMG_1612694774646.jpg\" alt=\"\" data-id=\"7833\" data-full-url=\"https:\/\/dogal-tarim.org\/wp-content\/uploads\/2021\/02\/FB_IMG_1612694774646.jpg\" data-link=\"https:\/\/dogal-tarim.org\/index.php\/2021\/02\/07\/iklim-degisikligi-ve-dogal-tarim\/fb_img_1612694774646\/#main\" class=\"wp-image-7833\" srcset=\"https:\/\/dogal-tarim.org\/wp-content\/uploads\/2021\/02\/FB_IMG_1612694774646.jpg 960w, https:\/\/dogal-tarim.org\/wp-content\/uploads\/2021\/02\/FB_IMG_1612694774646-300x225.jpg 300w, https:\/\/dogal-tarim.org\/wp-content\/uploads\/2021\/02\/FB_IMG_1612694774646-768x577.jpg 768w\" sizes=\"(max-width: 960px) 100vw, 960px\" \/><\/figure><\/li><li class=\"blocks-gallery-item\"><figure><img loading=\"lazy\" decoding=\"async\" width=\"720\" height=\"960\" src=\"https:\/\/dogal-tarim.org\/wp-content\/uploads\/2021\/02\/FB_IMG_1612694780774.jpg\" alt=\"\" data-id=\"7832\" data-full-url=\"https:\/\/dogal-tarim.org\/wp-content\/uploads\/2021\/02\/FB_IMG_1612694780774.jpg\" data-link=\"https:\/\/dogal-tarim.org\/index.php\/2021\/02\/07\/iklim-degisikligi-ve-dogal-tarim\/fb_img_1612694780774\/#main\" class=\"wp-image-7832\" srcset=\"https:\/\/dogal-tarim.org\/wp-content\/uploads\/2021\/02\/FB_IMG_1612694780774.jpg 720w, https:\/\/dogal-tarim.org\/wp-content\/uploads\/2021\/02\/FB_IMG_1612694780774-225x300.jpg 225w\" sizes=\"(max-width: 720px) 100vw, 720px\" \/><\/figure><\/li><\/ul><\/figure>\n","protected":false},"excerpt":{"rendered":"<p>Hava s\u0131cakl\u0131klar\u0131 15 derecelerin \u00fcst\u00fcnde olunca do\u011fa hareketlenmeye ba\u015flad\u0131. B\u00f6rt\u00fc b\u00f6cek u\u00e7u\u015fmaya, ku\u015flar \u00f6t\u00fc\u015fmeye, soluncalar [&hellip;]<\/p>\n","protected":false},"author":2,"featured_media":0,"comment_status":"open","ping_status":"open","sticky":false,"template":"","format":"standard","meta":{"_monsterinsights_skip_tracking":false,"footnotes":""},"categories":[1],"tags":[],"class_list":["post-7828","post","type-post","status-publish","format-standard","hentry","category-genel"],"_links":{"self":[{"href":"https:\/\/dogal-tarim.org\/index.php\/wp-json\/wp\/v2\/posts\/7828","targetHints":{"allow":["GET"]}}],"collection":[{"href":"https:\/\/dogal-tarim.org\/index.php\/wp-json\/wp\/v2\/posts"}],"about":[{"href":"https:\/\/dogal-tarim.org\/index.php\/wp-json\/wp\/v2\/types\/post"}],"author":[{"embeddable":true,"href":"https:\/\/dogal-tarim.org\/index.php\/wp-json\/wp\/v2\/users\/2"}],"replies":[{"embeddable":true,"href":"https:\/\/dogal-tarim.org\/index.php\/wp-json\/wp\/v2\/comments?post=7828"}],"version-history":[{"count":4,"href":"https:\/\/dogal-tarim.org\/index.php\/wp-json\/wp\/v2\/posts\/7828\/revisions"}],"predecessor-version":[{"id":8087,"href":"https:\/\/dogal-tarim.org\/index.php\/wp-json\/wp\/v2\/posts\/7828\/revisions\/8087"}],"wp:attachment":[{"href":"https:\/\/dogal-tarim.org\/index.php\/wp-json\/wp\/v2\/media?parent=7828"}],"wp:term":[{"taxonomy":"category","embeddable":true,"href":"https:\/\/dogal-tarim.org\/index.php\/wp-json\/wp\/v2\/categories?post=7828"},{"taxonomy":"post_tag","embeddable":true,"href":"https:\/\/dogal-tarim.org\/index.php\/wp-json\/wp\/v2\/tags?post=7828"}],"curies":[{"name":"wp","href":"https:\/\/api.w.org\/{rel}","templated":true}]}}