{"id":7682,"date":"2021-02-05T15:14:22","date_gmt":"2021-02-05T12:14:22","guid":{"rendered":"https:\/\/dogal-tarim.org\/?p=7682"},"modified":"2021-04-18T15:20:34","modified_gmt":"2021-04-18T12:20:34","slug":"kis-tatlisi-chimonanthus-praecox","status":"publish","type":"post","link":"https:\/\/dogal-tarim.org\/index.php\/2021\/02\/05\/kis-tatlisi-chimonanthus-praecox\/","title":{"rendered":"K\u0131\u015f tatl\u0131s\u0131 \/  Chimonanthus praecox"},"content":{"rendered":"\n<p class=\"wp-block-paragraph\">\u00dcn\u00fcn\u00fc,&nbsp;<strong>\u00e7i\u00e7e\u011fini k\u0131\u015f\u0131n<\/strong>, (ocak-\u015fubat aylar\u0131 aras\u0131nda) \u00fcretmesine, \u00e7i\u00e7ek a\u00e7mas\u0131n\u0131n zengin ve \u00e7ok ho\u015f kokulu&nbsp;olmas\u0131na bor\u00e7ludur. Boyu b\u00fcy\u00fck olmayan, ancak dona dayanabilecek ve \u00e7i\u00e7ek a\u00e7abilecek derecede son derece rustik olan bir \u00e7al\u0131d\u0131r. K\u0131\u015f tatl\u0131s\u0131 \u00e7i\u00e7ekleri birine sayg\u0131 g\u00f6stermek bir koruma ve \u015fefkat mesaj\u0131d\u0131r.<\/p>\n\n\n\n<p class=\"wp-block-paragraph\">\u00d6yleyse k\u0131\u015f tatl\u0131s\u0131n\u0131n \u00f6zelliklerini ke\u015ffedelim.<\/p>\n\n\n\n<p class=\"wp-block-paragraph\">Botanik \u00f6zelliklerine ge\u00e7meden \u00f6nce k\u0131sa bir hat\u0131rlatma yapmak istiyoruz. <a href=\"https:\/\/dogal-tarim.org\/index.php\/masanobu-fukuoka\/\">Masanobu Fukuoka<\/a>\u2018n\u0131n insanl\u0131\u011fa hediyesi <a href=\"https:\/\/dogal-tarim.org\/index.php\/2019\/06\/21\/dogal-tarim\/\">do\u011fal tar\u0131m<\/a>da <a href=\"https:\/\/dogal-tarim.org\/index.php\/topragi-islemek-yok\/\">topra\u011f\u0131 i\u015flemek<\/a>, <a href=\"https:\/\/dogal-tarim.org\/index.php\/gubrelemek-yok\/\">g\u00fcbrelemek<\/a>, <a href=\"https:\/\/dogal-tarim.org\/index.php\/yabani-ot-temizligi-yok\/\">yabani ot temizli\u011fi<\/a>, <a href=\"https:\/\/dogal-tarim.org\/index.php\/tarim-ilaclari-yok\/\">ila\u00e7lama <\/a>ve <a href=\"https:\/\/dogal-tarim.org\/index.php\/agaclari-budamak-yok\/\">a\u011fa\u00e7lar\u0131 budamak yok<\/a>. Rahat b\u0131rak\u0131lan do\u011fa m\u00fckemmel bir dengededir.<\/p>\n\n\n\n<h3 class=\"wp-block-heading\"><strong>Botanik \u00f6zellikleri<\/strong><\/h3>\n\n\n\n<div class=\"wp-block-media-text alignwide is-stacked-on-mobile\"><figure class=\"wp-block-media-text__media\"><img fetchpriority=\"high\" decoding=\"async\" width=\"852\" height=\"480\" src=\"https:\/\/dogal-tarim.org\/wp-content\/uploads\/2021\/02\/kistatlisi3.jpg\" alt=\"\" class=\"wp-image-7684 size-full\" srcset=\"https:\/\/dogal-tarim.org\/wp-content\/uploads\/2021\/02\/kistatlisi3.jpg 852w, https:\/\/dogal-tarim.org\/wp-content\/uploads\/2021\/02\/kistatlisi3-300x169.jpg 300w, https:\/\/dogal-tarim.org\/wp-content\/uploads\/2021\/02\/kistatlisi3-768x433.jpg 768w\" sizes=\"(max-width: 852px) 100vw, 852px\" \/><\/figure><div class=\"wp-block-media-text__content\">\n<p class=\"wp-block-paragraph\"><em>Calycanthaceae<\/em> botanik ailesine ait bir \u00e7al\u0131 bitkisidir. Anavatan\u0131 \u00c7in\u2019dir.<\/p>\n\n\n\n<p class=\"wp-block-paragraph\">K\u0131\u015f tatl\u0131s\u0131, yo\u011fun bir pollonifer aktivitesi olan yaprak d\u00f6ken bir \u00e7al\u0131 bitkisidir. Geni\u015fletilmi\u015f k\u00f6k sisteminden, b\u00fcy\u00fcme mevsiminde zengin ve karma\u015f\u0131k bir ta\u00e7 olu\u015fturan dik, hafif\u00e7e b\u00fck\u00fclm\u00fc\u015f ve iyi dallanm\u0131\u015f g\u00f6vdeler ortaya \u00e7\u0131kar.&nbsp;Genellikle 2 ila 3 m aras\u0131nda y\u00fcksekliklere ula\u015f\u0131r.&nbsp;Duru\u015fu a\u015f\u0131r\u0131 derecede sert de\u011fildir, bu nedenle ta\u00e7 1.5 ile 2.5 m aras\u0131nda bir \u00e7apa kadar b\u00fcy\u00fcr.<\/p>\n<\/div><\/div>\n\n\n\n<p class=\"wp-block-paragraph\">Yapraklar \u00e7i\u00e7eklenmeden \u00e7ok sonra ilkbaharda g\u00f6vde ve dallarda belirir.&nbsp;\u015eekil, uzunlu\u011fu 20 cm&#8217;ye kadar olan m\u0131zrak \u015feklindedir.&nbsp;G\u00f6r\u00fcn\u00fc\u015f\u00fc \u015feftali a\u011fac\u0131n\u0131n&nbsp; yapraklar\u0131na benzer&nbsp;, rengi orta yo\u011funlukta ye\u015fildir.<\/p>\n\n\n\n<p class=\"wp-block-paragraph\">K\u0131\u015f tatl\u0131s\u0131, ocak ve \u015fubat aylar\u0131 aras\u0131nda \u00e7i\u00e7ek a\u00e7ar, bu nedenle \u00e7i\u00e7eklenmesi \u00e7ok \u00f6ne \u00e7\u0131kar, \u00e7\u00fcnk\u00fc k\u0131\u015f\u0131n ortas\u0131nda bu kadar parlak \u00e7i\u00e7eklerle a\u011fa\u00e7lar\u0131 g\u00f6rmek zordur.<br>K\u0131\u015f\u0131n, \u00e7al\u0131 tamamen \u00e7\u0131plakt\u0131r, ancak aniden narin mor tonlarla sar\u0131 \u00e7i\u00e7eklerle doludur.&nbsp;\u00c7ok g\u00fczel kokulu ama \u00e7ok narin \u00e7i\u00e7eklerdir.&nbsp;Dikkatli kullan\u0131lmalar\u0131 gerekir \u00e7\u00fcnk\u00fc yere d\u00fc\u015ft\u00fcklerinde aromalar\u0131n\u0131 kaybederler.<br>Tekli veya bir grup halinde toplanan \u00e7i\u00e7ekler, saplar\u0131 olmad\u0131\u011f\u0131 i\u00e7in do\u011frudan dala ba\u011fl\u0131 g\u00f6r\u00fcn\u00fcyor.&nbsp;So\u011fu\u011fa kar\u015f\u0131 korumak i\u00e7in y\u00fczey mumludur.&nbsp;Corolla&#8217;n\u0131n mor rengini vurgulayan belirli \u00e7e\u015fitler vard\u0131r.<br>Meyveleri oval ve bas\u0131k meyvelerdir, olduk\u00e7a iri ve tohumlar\u0131 i\u00e7erir.&nbsp;Zehirli olduklar\u0131 i\u00e7in yenilebilir olmad\u0131klar\u0131ndan dikkatli olun.<\/p>\n\n\n\n<h3 class=\"wp-block-heading\"><strong>Kullan\u0131m\u0131<\/strong><\/h3>\n\n\n\n<p class=\"wp-block-paragraph\">\u00c7i\u00e7ekleri, parf\u00fcm ve kremlerde kullan\u0131lan&nbsp;bir \u00f6z&nbsp;elde etmek i\u00e7in parf\u00fcmeri ve kozmetikte \u00e7ok aran\u0131r.<br>K\u0131\u015f \u00e7i\u00e7ekleri ve esans\u0131 geleneksel \u00c7in t\u0131bb\u0131nda bitkinlik, kusma, \u00f6ks\u00fcr\u00fck ve k\u0131zam\u0131k tedavisinde kullan\u0131l\u0131r.<\/p>\n\n\n\n<figure class=\"wp-block-gallery columns-2 is-cropped wp-block-gallery-1 is-layout-flex wp-block-gallery-is-layout-flex\"><ul class=\"blocks-gallery-grid\"><li class=\"blocks-gallery-item\"><figure><img decoding=\"async\" width=\"620\" height=\"372\" src=\"https:\/\/dogal-tarim.org\/wp-content\/uploads\/2021\/02\/kis-tatlisi.jpg\" alt=\"\" data-id=\"7689\" data-full-url=\"https:\/\/dogal-tarim.org\/wp-content\/uploads\/2021\/02\/kis-tatlisi.jpg\" data-link=\"https:\/\/dogal-tarim.org\/?attachment_id=7689#main\" class=\"wp-image-7689\" srcset=\"https:\/\/dogal-tarim.org\/wp-content\/uploads\/2021\/02\/kis-tatlisi.jpg 620w, https:\/\/dogal-tarim.org\/wp-content\/uploads\/2021\/02\/kis-tatlisi-300x180.jpg 300w\" sizes=\"(max-width: 620px) 100vw, 620px\" \/><\/figure><\/li><li class=\"blocks-gallery-item\"><figure><img decoding=\"async\" width=\"512\" height=\"384\" src=\"https:\/\/dogal-tarim.org\/wp-content\/uploads\/2021\/02\/kistatlisi2.jpg\" alt=\"\" data-id=\"7692\" data-full-url=\"https:\/\/dogal-tarim.org\/wp-content\/uploads\/2021\/02\/kistatlisi2.jpg\" data-link=\"https:\/\/dogal-tarim.org\/?attachment_id=7692#main\" class=\"wp-image-7692\" srcset=\"https:\/\/dogal-tarim.org\/wp-content\/uploads\/2021\/02\/kistatlisi2.jpg 512w, https:\/\/dogal-tarim.org\/wp-content\/uploads\/2021\/02\/kistatlisi2-300x225.jpg 300w\" sizes=\"(max-width: 512px) 100vw, 512px\" \/><\/figure><\/li><\/ul><\/figure>\n\n\n\n<p class=\"wp-block-paragraph\"><a href=\"https:\/\/dogal-tarim.org\/\">Do\u011fal Tar\u0131m Merkezi <\/a>olarak d\u00fcnyan\u0131n \u00e7e\u015fitli yerlerinde <a href=\"https:\/\/dogal-tarim.org\/index.php\/cirali-antalya-temmuz\/\">\u00fccretsiz seminerler<\/a>, ormanla\u015ft\u0131rma i\u00e7in <a href=\"https:\/\/dogal-tarim.org\/index.php\/2019\/12\/01\/kasim-ayi-tohumlamalari\/\">tohumlamalar<\/a>, yeni <a href=\"https:\/\/dogal-tarim.org\/index.php\/italya-dogal-tarim-ciftligi\/\">do\u011fal tar\u0131m \u00e7iftlikleri<\/a> kurmak i\u00e7in \u00e7al\u0131\u015fmalar yap\u0131yoruz. Sizde do\u011fal g\u0131dalar \u00fcretmek ve tohumlamalar ger\u00e7ekle\u015ftirmek isterseniz bize <a href=\"https:\/\/dogal-tarim.org\/index.php\/iletisim\/\">ula\u015fabilirsiniz.<\/a><\/p>\n","protected":false},"excerpt":{"rendered":"<p>\u00dcn\u00fcn\u00fc,&nbsp;\u00e7i\u00e7e\u011fini k\u0131\u015f\u0131n, (ocak-\u015fubat aylar\u0131 aras\u0131nda) \u00fcretmesine, \u00e7i\u00e7ek a\u00e7mas\u0131n\u0131n zengin ve \u00e7ok ho\u015f kokulu&nbsp;olmas\u0131na bor\u00e7ludur. Boyu [&hellip;]<\/p>\n","protected":false},"author":2,"featured_media":0,"comment_status":"open","ping_status":"open","sticky":false,"template":"","format":"standard","meta":{"_monsterinsights_skip_tracking":false,"footnotes":""},"categories":[1],"tags":[],"class_list":["post-7682","post","type-post","status-publish","format-standard","hentry","category-genel"],"_links":{"self":[{"href":"https:\/\/dogal-tarim.org\/index.php\/wp-json\/wp\/v2\/posts\/7682","targetHints":{"allow":["GET"]}}],"collection":[{"href":"https:\/\/dogal-tarim.org\/index.php\/wp-json\/wp\/v2\/posts"}],"about":[{"href":"https:\/\/dogal-tarim.org\/index.php\/wp-json\/wp\/v2\/types\/post"}],"author":[{"embeddable":true,"href":"https:\/\/dogal-tarim.org\/index.php\/wp-json\/wp\/v2\/users\/2"}],"replies":[{"embeddable":true,"href":"https:\/\/dogal-tarim.org\/index.php\/wp-json\/wp\/v2\/comments?post=7682"}],"version-history":[{"count":8,"href":"https:\/\/dogal-tarim.org\/index.php\/wp-json\/wp\/v2\/posts\/7682\/revisions"}],"predecessor-version":[{"id":9395,"href":"https:\/\/dogal-tarim.org\/index.php\/wp-json\/wp\/v2\/posts\/7682\/revisions\/9395"}],"wp:attachment":[{"href":"https:\/\/dogal-tarim.org\/index.php\/wp-json\/wp\/v2\/media?parent=7682"}],"wp:term":[{"taxonomy":"category","embeddable":true,"href":"https:\/\/dogal-tarim.org\/index.php\/wp-json\/wp\/v2\/categories?post=7682"},{"taxonomy":"post_tag","embeddable":true,"href":"https:\/\/dogal-tarim.org\/index.php\/wp-json\/wp\/v2\/tags?post=7682"}],"curies":[{"name":"wp","href":"https:\/\/api.w.org\/{rel}","templated":true}]}}