{"id":7183,"date":"2021-01-14T15:21:55","date_gmt":"2021-01-14T12:21:55","guid":{"rendered":"https:\/\/dogal-tarim.org\/?p=7183"},"modified":"2021-01-14T15:25:09","modified_gmt":"2021-01-14T12:25:09","slug":"erasmus-projesi","status":"publish","type":"post","link":"https:\/\/dogal-tarim.org\/index.php\/2021\/01\/14\/erasmus-projesi\/","title":{"rendered":"Erasmus Projesi"},"content":{"rendered":"<p>Do\u011fal Tar\u0131m Merkezi ve Dicle \u00dcniversitesi aras\u0131nda ger\u00e7ekle\u015fen Erasmus+ projesi.<\/p>\n<p>Bu hafta sonuca ula\u015fan proje ile Dicle \u00dcniversitesi Ziraat M\u00fchendisli\u011fi Fak\u00fcltesi y\u00fcksek lisans \u00f6\u011frencisi sevgili Recep, Erasmus+ proje kapsam\u0131nda do\u011fal tar\u0131m \u00e7iftliklerinde 8 ay s\u00fcrecek bir staj yapacakt\u0131r.<\/p>\n<p>Daha g\u00fczel ad\u0131mlar\u0131 hep birlikte atmak dile\u011fi ile.<\/p>\n\n\n<figure class=\"wp-block-gallery columns-2 is-cropped wp-block-gallery-1 is-layout-flex wp-block-gallery-is-layout-flex\"><ul class=\"blocks-gallery-grid\"><li class=\"blocks-gallery-item\"><figure><a href=\"https:\/\/dogal-tarim.org\/wp-content\/uploads\/2021\/01\/FB_IMG_1610626742928.jpg\"><img fetchpriority=\"high\" decoding=\"async\" width=\"704\" height=\"788\" src=\"https:\/\/dogal-tarim.org\/wp-content\/uploads\/2021\/01\/FB_IMG_1610626742928.jpg\" alt=\"\" data-id=\"7185\" data-link=\"https:\/\/dogal-tarim.org\/index.php\/2021\/01\/14\/erasmus-projesi\/fb_img_1610626742928\/#main\" class=\"wp-image-7185\" srcset=\"https:\/\/dogal-tarim.org\/wp-content\/uploads\/2021\/01\/FB_IMG_1610626742928.jpg 704w, https:\/\/dogal-tarim.org\/wp-content\/uploads\/2021\/01\/FB_IMG_1610626742928-268x300.jpg 268w\" sizes=\"(max-width: 704px) 100vw, 704px\" \/><\/a><\/figure><\/li><li class=\"blocks-gallery-item\"><figure><a href=\"https:\/\/dogal-tarim.org\/wp-content\/uploads\/2021\/01\/FB_IMG_1610627057742.jpg\"><img decoding=\"async\" width=\"529\" height=\"744\" src=\"https:\/\/dogal-tarim.org\/wp-content\/uploads\/2021\/01\/FB_IMG_1610627057742.jpg\" alt=\"\" data-id=\"7187\" data-full-url=\"https:\/\/dogal-tarim.org\/wp-content\/uploads\/2021\/01\/FB_IMG_1610627057742.jpg\" data-link=\"https:\/\/dogal-tarim.org\/index.php\/2021\/01\/14\/erasmus-projesi\/fb_img_1610627057742\/#main\" class=\"wp-image-7187\" srcset=\"https:\/\/dogal-tarim.org\/wp-content\/uploads\/2021\/01\/FB_IMG_1610627057742.jpg 529w, https:\/\/dogal-tarim.org\/wp-content\/uploads\/2021\/01\/FB_IMG_1610627057742-213x300.jpg 213w\" sizes=\"(max-width: 529px) 100vw, 529px\" \/><\/a><\/figure><\/li><\/ul><\/figure>\n","protected":false},"excerpt":{"rendered":"<p>Do\u011fal Tar\u0131m Merkezi ve Dicle \u00dcniversitesi aras\u0131nda ger\u00e7ekle\u015fen Erasmus+ projesi. Bu hafta sonuca ula\u015fan proje [&hellip;]<\/p>\n","protected":false},"author":2,"featured_media":0,"comment_status":"open","ping_status":"open","sticky":false,"template":"","format":"standard","meta":{"_monsterinsights_skip_tracking":false,"footnotes":""},"categories":[1],"tags":[],"class_list":["post-7183","post","type-post","status-publish","format-standard","hentry","category-genel"],"_links":{"self":[{"href":"https:\/\/dogal-tarim.org\/index.php\/wp-json\/wp\/v2\/posts\/7183","targetHints":{"allow":["GET"]}}],"collection":[{"href":"https:\/\/dogal-tarim.org\/index.php\/wp-json\/wp\/v2\/posts"}],"about":[{"href":"https:\/\/dogal-tarim.org\/index.php\/wp-json\/wp\/v2\/types\/post"}],"author":[{"embeddable":true,"href":"https:\/\/dogal-tarim.org\/index.php\/wp-json\/wp\/v2\/users\/2"}],"replies":[{"embeddable":true,"href":"https:\/\/dogal-tarim.org\/index.php\/wp-json\/wp\/v2\/comments?post=7183"}],"version-history":[{"count":2,"href":"https:\/\/dogal-tarim.org\/index.php\/wp-json\/wp\/v2\/posts\/7183\/revisions"}],"predecessor-version":[{"id":7188,"href":"https:\/\/dogal-tarim.org\/index.php\/wp-json\/wp\/v2\/posts\/7183\/revisions\/7188"}],"wp:attachment":[{"href":"https:\/\/dogal-tarim.org\/index.php\/wp-json\/wp\/v2\/media?parent=7183"}],"wp:term":[{"taxonomy":"category","embeddable":true,"href":"https:\/\/dogal-tarim.org\/index.php\/wp-json\/wp\/v2\/categories?post=7183"},{"taxonomy":"post_tag","embeddable":true,"href":"https:\/\/dogal-tarim.org\/index.php\/wp-json\/wp\/v2\/tags?post=7183"}],"curies":[{"name":"wp","href":"https:\/\/api.w.org\/{rel}","templated":true}]}}