{"id":6352,"date":"2020-12-23T18:40:13","date_gmt":"2020-12-23T15:40:13","guid":{"rendered":"https:\/\/dogal-tarim.org\/?p=6352"},"modified":"2020-12-29T01:13:03","modified_gmt":"2020-12-28T22:13:03","slug":"italyan-yerel-yonetiminden-dogal-tarim-merkezine-fide-ve-tohum-destegi","status":"publish","type":"post","link":"https:\/\/dogal-tarim.org\/index.php\/2020\/12\/23\/italyan-yerel-yonetiminden-dogal-tarim-merkezine-fide-ve-tohum-destegi\/","title":{"rendered":"\u0130talyan yerel y\u00f6netiminden do\u011fal tar\u0131m merkezine fide ve tohum deste\u011fi"},"content":{"rendered":"<p>\u0130talya\u2019da bug\u00fcne kadar yapt\u0131\u011f\u0131m\u0131z g\u00fczel i\u015flerin referans\u0131 ile, bundan sonra yapaca\u011f\u0131m\u0131z g\u00fczel \u015feyler i\u00e7in yerel y\u00f6netimlerin deste\u011fini al\u0131yoruz.<\/p>\n<p>\u0130talya\u2019da kurulmas\u0131 planlanan do\u011fal tar\u0131m \u00e7iftli\u011fi i\u00e7in b\u00fcrokratik s\u00fcrecin sonuna geldik say\u0131l\u0131r. Bir ka\u00e7 hafta i\u00e7inde her \u015fey yasal zemine oturacak. Bunun da \u00f6tesinde, \u0130talya\u2019da yapaca\u011f\u0131m\u0131z tohumlamalar ve ormanla\u015ft\u0131rma \u00e7al\u0131\u015fmalar\u0131 i\u00e7in Marche b\u00f6lgesi yerel y\u00f6netimi ile g\u00fczel bir i\u015fbirli\u011fi sa\u011flad\u0131k. Do\u011fal tar\u0131m merkezi olarak yapaca\u011f\u0131m\u0131z \u00e7al\u0131\u015fmalara her t\u00fcrl\u00fc lojistik deste\u011fin yan\u0131 s\u0131ra fide ve tohum deste\u011fi sa\u011flanaca\u011f\u0131 \u00fczerine bir anla\u015fma yapt\u0131k. Hatta ilk fide ve tohum sipari\u015fimizi verdik.<\/p>\n<p>Farkl\u0131 iklim ku\u015faklar\u0131nda, da\u011flarda, ovalarda, tepelerde&#8230; birbirinden farkl\u0131 iklime sahip b\u00f6lgelerde do\u011fal tar\u0131m\u0131n m\u00fcmk\u00fcn oldu\u011funu, uygulanabilirli\u011fini, bir do\u011fal tar\u0131m \u00e7iftli\u011finin kurulumundan, ekonomik olarak ayakta kalmas\u0131na kadar bir \u00e7ok farkl\u0131 y\u00f6n\u00fc ile birebir uygulayarak hayata ge\u00e7irece\u011fiz. Bunlar da bir NGO olarak att\u0131\u011f\u0131m\u0131z ilk ve ba\u015flang\u0131\u00e7 ad\u0131mlar\u0131d\u0131r.<\/p>\n<p>T\u00fcrkiye\u2019de de benzer ad\u0131mlar atmak i\u00e7in \u00e7abalar\u0131m\u0131z mevcut. Do\u011fru zaman geldi\u011finde, \u015fartlar olgunla\u015ft\u0131\u011f\u0131nda, bu ad\u0131mlar kendili\u011finden ger\u00e7ekle\u015fecektir.<\/p>\n\n\n<figure class=\"wp-block-image size-large\"><img fetchpriority=\"high\" decoding=\"async\" width=\"960\" height=\"540\" src=\"https:\/\/dogal-tarim.org\/wp-content\/uploads\/2020\/12\/FB_IMG_1608737854644.jpg\" alt=\"\" class=\"wp-image-6354\" srcset=\"https:\/\/dogal-tarim.org\/wp-content\/uploads\/2020\/12\/FB_IMG_1608737854644.jpg 960w, https:\/\/dogal-tarim.org\/wp-content\/uploads\/2020\/12\/FB_IMG_1608737854644-300x169.jpg 300w, https:\/\/dogal-tarim.org\/wp-content\/uploads\/2020\/12\/FB_IMG_1608737854644-768x432.jpg 768w\" sizes=\"(max-width: 960px) 100vw, 960px\" \/><\/figure>\n","protected":false},"excerpt":{"rendered":"<p>\u0130talya\u2019da bug\u00fcne kadar yapt\u0131\u011f\u0131m\u0131z g\u00fczel i\u015flerin referans\u0131 ile, bundan sonra yapaca\u011f\u0131m\u0131z g\u00fczel \u015feyler i\u00e7in yerel [&hellip;]<\/p>\n","protected":false},"author":2,"featured_media":0,"comment_status":"open","ping_status":"open","sticky":false,"template":"","format":"standard","meta":{"_monsterinsights_skip_tracking":false,"footnotes":""},"categories":[1],"tags":[],"class_list":["post-6352","post","type-post","status-publish","format-standard","hentry","category-genel"],"_links":{"self":[{"href":"https:\/\/dogal-tarim.org\/index.php\/wp-json\/wp\/v2\/posts\/6352","targetHints":{"allow":["GET"]}}],"collection":[{"href":"https:\/\/dogal-tarim.org\/index.php\/wp-json\/wp\/v2\/posts"}],"about":[{"href":"https:\/\/dogal-tarim.org\/index.php\/wp-json\/wp\/v2\/types\/post"}],"author":[{"embeddable":true,"href":"https:\/\/dogal-tarim.org\/index.php\/wp-json\/wp\/v2\/users\/2"}],"replies":[{"embeddable":true,"href":"https:\/\/dogal-tarim.org\/index.php\/wp-json\/wp\/v2\/comments?post=6352"}],"version-history":[{"count":2,"href":"https:\/\/dogal-tarim.org\/index.php\/wp-json\/wp\/v2\/posts\/6352\/revisions"}],"predecessor-version":[{"id":6355,"href":"https:\/\/dogal-tarim.org\/index.php\/wp-json\/wp\/v2\/posts\/6352\/revisions\/6355"}],"wp:attachment":[{"href":"https:\/\/dogal-tarim.org\/index.php\/wp-json\/wp\/v2\/media?parent=6352"}],"wp:term":[{"taxonomy":"category","embeddable":true,"href":"https:\/\/dogal-tarim.org\/index.php\/wp-json\/wp\/v2\/categories?post=6352"},{"taxonomy":"post_tag","embeddable":true,"href":"https:\/\/dogal-tarim.org\/index.php\/wp-json\/wp\/v2\/tags?post=6352"}],"curies":[{"name":"wp","href":"https:\/\/api.w.org\/{rel}","templated":true}]}}