{"id":5368,"date":"2020-08-28T14:42:47","date_gmt":"2020-08-28T11:42:47","guid":{"rendered":"https:\/\/dogal-tarim.org\/?p=5368"},"modified":"2020-12-27T21:44:33","modified_gmt":"2020-12-27T18:44:33","slug":"uluslararasi-tohum-toplari-festivali-2020","status":"publish","type":"post","link":"https:\/\/dogal-tarim.org\/index.php\/2020\/08\/28\/uluslararasi-tohum-toplari-festivali-2020\/","title":{"rendered":"Uluslararas\u0131 Tohum Toplar\u0131 Festivali 2020"},"content":{"rendered":"<p dir=\"ltr\">Do\u011fal Tar\u0131m Merkezi bu sene 2-29 Eyl\u00fcl 2020 tarihleri aras\u0131nda uluslararas\u0131 tohum toplar\u0131 festivalini Sicilya adas\u0131nda d\u00fczenliyor.<\/p>\n<p dir=\"ltr\">1 ay s\u00fcrecek festivalde Sicilya adas\u0131n\u0131n 4 bir k\u00f6\u015fesinde tohumlamalar yer alacakt\u0131r. Da\u011flar, tepeler, ovalar tohumlanacak, orman yang\u0131n\u0131 ya\u015fanm\u0131\u015f alanlar tohumlanacak. Uluslaras\u0131 \u00f6l\u00e7ekte kat\u0131l\u0131m olacak ve 200 \u00e7e\u015fit tohum ile haz\u0131rlanacak tohum toplar\u0131 1 ay boyunca do\u011faya sa\u00e7\u0131lacak.<\/p>\n<p dir=\"ltr\">Festival boyunca \u00fccretsiz ve herkese a\u00e7\u0131k do\u011fal tar\u0131m seminerleri de ger\u00e7ekle\u015fecektir. Seminerlerin i\u00e7eri\u011fi \u015fu \u015fekildedir;<\/p>\n<p dir=\"ltr\">Topra\u011f\u0131n uyan\u0131\u015f\u0131,<\/p>\n<p dir=\"ltr\">Bir do\u011fal tar\u0131m \u00e7iftli\u011finin kurulmas\u0131,<\/p>\n<p dir=\"ltr\">Do\u011fal tar\u0131m bostan\u0131,<\/p>\n<p dir=\"ltr\">Meyve bah\u00e7esinin kurulumu,<\/p>\n<p dir=\"ltr\">Meyve a\u011fa\u00e7lar\u0131n\u0131n do\u011fal formu,<\/p>\n<p dir=\"ltr\">Tah\u0131llar,<\/p>\n<p dir=\"ltr\">Tohum toplar\u0131.<\/p>\n<p dir=\"ltr\">1 ay boyunca \u00fccretsiz seminerler, tohumlamalar, m\u00fczik, dans ve festival olacak.<\/p>\n<p dir=\"ltr\">Eyl\u00fcl ay\u0131ndan sonra da uluslaras\u0131 \u00f6l\u00e7ekte tohumlamalar\u0131m\u0131z ve seminerlerimiz devam edecektir. T\u00fcrkiye\u2019de de benzer ad\u0131mlar atmaya \u00e7al\u0131\u015f\u0131yoruz, olur da organize edebilirsek \u00fclkemizde de benzer bir festival ger\u00e7ekle\u015fecektir.<\/p>\n<p dir=\"ltr\">Do\u011fal Tar\u0131m Merkezi olarak T\u00fcrkiye\u2019de do\u011fal tar\u0131m\u0131 yaymak, atal\u0131k tohumlar\u0131m\u0131z\u0131 \u00e7o\u011faltmak, \u00e7\u00f6lle\u015fmeye y\u00fcz tutmu\u015f topraklar\u0131m\u0131z\u0131 canland\u0131rmak, tohum toplar\u0131 ile yanan ormanlar\u0131m\u0131z\u0131 a\u011fa\u00e7land\u0131rmak ve topra\u011f\u0131 iyile\u015ftirip temiz g\u0131dalara adil bir \u015fekilde herkesin ula\u015fabilmesi ad\u0131na \u00e7al\u0131\u015fmalar\u0131m\u0131z devam etmektedir.<\/p>\n<p dir=\"ltr\">Avrupa\u2019da oldu\u011fu gibi \u00fclkemizin bir\u00e7ok noktas\u0131nda seminerler d\u00fczenlemekteyiz. 2019 Temmuz ay\u0131nda Antalya-\u00c7\u0131ral\u0131 ve \u0130zmir-Fo\u00e7a\u2019da \u00fccretsiz seminerler d\u00fczenleyerek tohum toplar\u0131 yapt\u0131k. 2019 Ekim ay\u0131nda Antalya-Muratpa\u015fa Belediyesi ile bir seminer daha d\u00fczenledik. Bunun yan\u0131 s\u0131ra Torino ve Sicilya\u2019da da \u00fccretsiz seminerler ger\u00e7ekle\u015ftirdik. 18-20 Ekim 2019 tarihlerinde Bolonya\u2019da ekoloji Prof. Elena Lucca ile do\u011fal tar\u0131m semineri d\u00fczenledik.<\/p>\n<p dir=\"ltr\">2019 y\u0131l\u0131 Sicilya tohumlama etkinli\u011fine 10 farkl\u0131 belediye, bir o kadar STK, 3 \u00fcniversite ve bir\u00e7ok vak\u0131f, dernek, kurulu\u015f ve t\u00fczel ki\u015filer dahil oldu, etkinlik \u0130talyan bas\u0131n\u0131nda yer ald\u0131. Etkinli\u011fe kat\u0131lan yetkililer ile yap\u0131lan g\u00f6r\u00fc\u015fmeler sonucunda Sicilya Belediyesi, T\u00fcrkiye\u2019den bir belediye ile birlikte Uluslararas\u0131 Tohumlama Festivali d\u00fczenlemek istediklerini, festivalin s\u00fcreklili\u011fi sa\u011flan\u0131rsa bir AB projesine d\u00f6n\u00fc\u015febilece\u011fini belirttiler. B\u00f6yle bir festivalin hem \u00fclkemize \u00f6rnek olabilece\u011fi hem de d\u00fcnyada yank\u0131 uyand\u0131rabilece\u011fini d\u00fc\u015f\u00fcnerek belediyelerle gerekli \u00e7al\u0131\u015fmalar\u0131 yapmak isteriz. Unutulmu\u015f bir bayram olan 21 Kas\u0131m A\u011fa\u00e7 Dikme Bayram\u0131\u2019n\u0131 yeniden canland\u0131rmak ad\u0131na hem a\u011fa\u00e7 dikecek hem tohumlar sa\u00e7aca\u011f\u0131z. 2019 Kas\u0131m ay\u0131 tohumlamalar\u0131, sonu\u00e7lar\u0131 ve gelece\u011fe dair at\u0131lan somut ad\u0131mlar; \u0130zmir, Bodrum, Tunceli, \u0130stanbul, Samsun, Sakarya, Ordu, Antalya, Ankara, Mersin, K\u0131br\u0131s, Lecce, Bolonya ve Sicilya adas\u0131nda e\u015f zamanl\u0131 tohumlamalar yap\u0131ld\u0131. Ankara\u2019da havadan (\u00fcniversitelerin para\u015f\u00fct topluluklar\u0131 ile) ve karadan sa\u00e7t\u0131k tohum toplar\u0131n\u0131. \u0130zmir, Antalya ve \u0130stanbul\u2019da anaokulu ve ilkokullarda \u00f6\u011frencilerle birlikte ger\u00e7ekle\u015ftirilen tohum topu etkinlikleri ilkbaharda da devam edecektir. Ama\u00e7; \u00e7ocuklarda tohum ve toprak konusunda bilin\u00e7 olu\u015fturmak, fark\u0131ndal\u0131k yaratmak, kendi yapt\u0131klar\u0131 tohum toplar\u0131n\u0131n geli\u015fimlerini g\u00fcnden g\u00fcne g\u00f6zlemlemelerini sa\u011flamakt\u0131r. Sonu\u00e7lar \u015fu \u015fekilde;<\/p>\n<p dir=\"ltr\">Toplamda 2.000&#8217;in \u00fczerinde \u00e7ocuk, gen\u00e7 ve 3.000&#8217;in \u00fczerinde yeti\u015fkinle beraber, gelen verilere g\u00f6re 100.000&#8217;in \u00fczerinde tohum topu yap\u0131l\u0131p sa\u00e7\u0131ld\u0131. Bu tohum toplar\u0131n\u0131n %10&#8217;u hayatta kal\u0131p ya\u015fam\u0131n\u0131 devam ettirse 10.000 a\u011fa\u00e7 yapar, bir o kadar da \u00e7al\u0131 ve tek\/\u00e7ok y\u0131ll\u0131k bitki hayatta kalacak desek d\u00fcnyay\u0131 ye\u015fillendirme ve biyo \u00e7e\u015fitlili\u011fi artt\u0131rma y\u00f6n\u00fcnde at\u0131lm\u0131\u015f b\u00fcy\u00fck bir ad\u0131md\u0131r bu.<\/p>\n<p dir=\"ltr\">Toprak uyanana kadar tohumlar sa\u00e7maya devam edece\u011fiz!<\/p>\n<p dir=\"ltr\">Selam olsun Masanobu <u>Fukuoka\u2019ya<\/u><\/p>\n\n\n<div class=\"wp-block-image\"><figure class=\"aligncenter size-large\"><img fetchpriority=\"high\" decoding=\"async\" width=\"300\" height=\"205\" src=\"https:\/\/dogal-tarim.org\/wp-content\/uploads\/2020\/08\/kutluhan-768x576-2-e1585342587644-on7bc42xqkueew2on85sfo134j21dw7u9ey38sfsoy-2.jpg\" alt=\"\" class=\"wp-image-5366\"\/><\/figure><\/div>\n","protected":false},"excerpt":{"rendered":"<p>Do\u011fal Tar\u0131m Merkezi bu sene 2-29 Eyl\u00fcl 2020 tarihleri aras\u0131nda uluslararas\u0131 tohum toplar\u0131 festivalini Sicilya [&hellip;]<\/p>\n","protected":false},"author":2,"featured_media":5366,"comment_status":"open","ping_status":"open","sticky":false,"template":"","format":"standard","meta":{"_monsterinsights_skip_tracking":false,"footnotes":""},"categories":[1],"tags":[],"class_list":["post-5368","post","type-post","status-publish","format-standard","has-post-thumbnail","hentry","category-genel"],"_links":{"self":[{"href":"https:\/\/dogal-tarim.org\/index.php\/wp-json\/wp\/v2\/posts\/5368","targetHints":{"allow":["GET"]}}],"collection":[{"href":"https:\/\/dogal-tarim.org\/index.php\/wp-json\/wp\/v2\/posts"}],"about":[{"href":"https:\/\/dogal-tarim.org\/index.php\/wp-json\/wp\/v2\/types\/post"}],"author":[{"embeddable":true,"href":"https:\/\/dogal-tarim.org\/index.php\/wp-json\/wp\/v2\/users\/2"}],"replies":[{"embeddable":true,"href":"https:\/\/dogal-tarim.org\/index.php\/wp-json\/wp\/v2\/comments?post=5368"}],"version-history":[{"count":2,"href":"https:\/\/dogal-tarim.org\/index.php\/wp-json\/wp\/v2\/posts\/5368\/revisions"}],"predecessor-version":[{"id":5370,"href":"https:\/\/dogal-tarim.org\/index.php\/wp-json\/wp\/v2\/posts\/5368\/revisions\/5370"}],"wp:featuredmedia":[{"embeddable":true,"href":"https:\/\/dogal-tarim.org\/index.php\/wp-json\/wp\/v2\/media\/5366"}],"wp:attachment":[{"href":"https:\/\/dogal-tarim.org\/index.php\/wp-json\/wp\/v2\/media?parent=5368"}],"wp:term":[{"taxonomy":"category","embeddable":true,"href":"https:\/\/dogal-tarim.org\/index.php\/wp-json\/wp\/v2\/categories?post=5368"},{"taxonomy":"post_tag","embeddable":true,"href":"https:\/\/dogal-tarim.org\/index.php\/wp-json\/wp\/v2\/tags?post=5368"}],"curies":[{"name":"wp","href":"https:\/\/api.w.org\/{rel}","templated":true}]}}