{"id":4267,"date":"2020-04-21T15:34:50","date_gmt":"2020-04-21T12:34:50","guid":{"rendered":"https:\/\/dogal-tarim.org\/?p=4267"},"modified":"2020-12-27T23:59:15","modified_gmt":"2020-12-27T20:59:15","slug":"avrupada-tarim-ve-ciftcilerin-son-durumu","status":"publish","type":"post","link":"https:\/\/dogal-tarim.org\/index.php\/2020\/04\/21\/avrupada-tarim-ve-ciftcilerin-son-durumu\/","title":{"rendered":"Avrupada tar\u0131m ve \u00e7ift\u00e7ilerin son durumu"},"content":{"rendered":"<p>Korona g\u00fcnlerinde s\u0131n\u0131rlar\u0131n\u0131 kapatan ab \u00fclkelerinde tar\u0131ma dair ilgin\u00e7 geli\u015fmeler ya\u015fan\u0131yor.<\/p>\n<p>\u00c7ift\u00e7ilik yapt\u0131\u011f\u0131m b\u00f6lge dahil olmak \u00fczere, t\u00fcm g\u00fcney avrupada \u00fcretimin b\u00fcy\u00fck k\u0131sm\u0131 kuzey avrupa \u00fclkelerine g\u00f6nderiliyor(du) her sene. Tonlarca meyve ve sebze&#8230; Tabii tonlarca tar\u0131m \u00fcr\u00fcn\u00fcn\u00fc toplamas\u0131 i\u00e7in gelmesi gereken tar\u0131m i\u015f\u00e7ileri gelemedi. T\u00fcm \u00e7ift\u00e7ilerde tam bir panik havas\u0131 mevcut. \u0130\u00e7 piyasada ise bu kadar \u00fcr\u00fcn fazlas\u0131n\u0131n olmas\u0131 fiyatlar \u00fczerinde a\u015fa\u011f\u0131 y\u00f6nl\u00fc ciddi etkiler yaratabilir. Yaln\u0131z bu durum insanlar\u0131n ucuz g\u0131da yiyece\u011fi anlam\u0131na gelmiyor. \u015e\u00f6yleki;<\/p>\n<p>S\u0131n\u0131rlar\u0131n kapal\u0131 kalmas\u0131 halinde, \u00e7ift\u00e7ilere \u00fcretmemesi, tarlalar\u0131n\u0131 ekmemesi i\u00e7in para verilmesi konu\u015fuluyor. Muhtemelen bu sene uygulanacak tar\u0131m politikalar\u0131ndan biri de bu olacak avrupa genelinde.<\/p>\n<p>T\u00fcrkiye&#8217;de de ya\u015fanacak durum bu \u015fekilde olacakt\u0131r. Son 10 sene de \u00fclkedeki \u00e7ift\u00e7i say\u0131s\u0131nda %50 oran\u0131nda bir azalma ve ekilen toprak alan\u0131nda 2 Trakya b\u00f6lgesi kadar k\u00fc\u00e7\u00fclme mevcut. Yani \u00fclkemizde tar\u0131m zaten can \u00e7eki\u015fiyor.<br>\n\u00c7ift\u00e7iler bu sene elindeki tar\u0131m \u00fcr\u00fcnlerini ihra\u00e7 edemezse, devletten de ciddi bir yard\u0131m gelmemesi halinde \u00f6n\u00fcm\u00fczdeki sene daha az ekecekler veya hi\u00e7 ekmeyecekler. G\u0131da krizi de o zaman ba\u015flayacak. Bu sene T\u00fcrkiye&#8217;de herhangi bir g\u0131da krizi olaca\u011f\u0131n\u0131 zannetmiyorum; fakat \u00f6n\u00fcm\u00fczdeki sene \u00e7ok farkl\u0131 \u015feyleri konu\u015fuyor olabiliriz.<\/p>\n<p>Kuzey avrupada da ilgin\u00e7 geli\u015fmeler ya\u015fand\u0131. S\u0131n\u0131rlar kapal\u0131 olmas\u0131na ra\u011fmen \u00f6zel u\u00e7ak ve otob\u00fcslerle do\u011fu avrupadan tar\u0131m i\u015f\u00e7ileri ta\u015f\u0131yorlar \u00fclkelerine. Her koyunun kendi baca\u011f\u0131ndan as\u0131laca\u011f\u0131 bir d\u00f6neme giriyoruz. Param\u0131z varki al\u0131yoruz devri kapand\u0131.<\/p>\n<p>T\u00fcm d\u00fcnya \u00fclkeleri ya\u015fanan bu durumdan ciddi \u015fekilde etkilenecek ve tar\u0131msal \u00fcretime a\u011f\u0131rl\u0131k verecekler. Bir devlet politikas\u0131 olarak \u00e7ift\u00e7ileri zehirsiz \u00fcretime te\u015fvik etmedi\u011fimiz s\u00fcrece bizi \u00e7ok zor g\u00fcnler bekliyor. T\u00fcrkiye&#8217;nin b\u00fcy\u00fck bir k\u0131sm\u0131n\u0131n art\u0131k \u00e7\u00f6l stat\u00fcs\u00fcnde oldu\u011funu ve su fakiri bir \u00fclke oldu\u011fumuzu da g\u00f6z \u00f6n\u00fcnde bulundurmal\u0131y\u0131z.<\/p>\n<p>\u0130nsanlar\u0131n yerel g\u0131dalara ula\u015fmas\u0131 ve k\u00fc\u00e7\u00fck \u00e7ift\u00e7ilerin (zehirsiz \u00fcretim yapacak olanlar\u0131n) desteklenmesi ad\u0131na giri\u015fimler de mevcut. Bu konuda bizim de ab ile y\u00fcr\u00fctt\u00fc\u011f\u00fcm\u00fcz do\u011fal tar\u0131m proje planlar\u0131m\u0131z var. Somut ad\u0131mlar ger\u00e7ekle\u015ftikten sonra bunlar\u0131 da payla\u015faca\u011f\u0131m. \u015eu an g\u00f6r\u00fc\u015fme ve planlama a\u015famas\u0131nday\u0131z.<\/p>\n<p>Not: 1 d\u00f6n\u00fcm de olsa toprak al\u0131n ve en az\u0131ndan aileniz i\u00e7in g\u0131da \u00fcretmeye ba\u015flay\u0131n. \u015eehirlerde ya\u015f\u0131yorsan\u0131z ve bunu yapma \u015fans\u0131n\u0131z yoksa da zehirsiz \u00fcretim yapan k\u00fc\u00e7\u00fck \u00e7ift\u00e7ilerden al\u0131\u015fveri\u015f yap\u0131n, onlar\u0131 destekleyin ve iyi ili\u015fkiler kurun.<\/p>\n<p>Not 2: Permak\u00fclt\u00fcr, biyodinamik, do\u011fal tar\u0131m, geleneksel tar\u0131m vs vs hi\u00e7bir \u00f6nemi yok. Yeterki zehirsiz g\u0131da yeti\u015ftirmeye ba\u015flay\u0131n.<\/p>\n\n\n<div class=\"wp-block-image\"><figure class=\"aligncenter size-large is-resized\"><img decoding=\"async\" src=\"https:\/\/dogal-tarim.org\/wp-content\/uploads\/2020\/03\/32077044_2165061650407257_4689159931297792000_o.jpg\" alt=\"\" class=\"wp-image-2075\" width=\"591\" srcset=\"https:\/\/dogal-tarim.org\/wp-content\/uploads\/2020\/03\/32077044_2165061650407257_4689159931297792000_o.jpg 960w, https:\/\/dogal-tarim.org\/wp-content\/uploads\/2020\/03\/32077044_2165061650407257_4689159931297792000_o-300x225.jpg 300w, https:\/\/dogal-tarim.org\/wp-content\/uploads\/2020\/03\/32077044_2165061650407257_4689159931297792000_o-768x576.jpg 768w\" sizes=\"(max-width: 960px) 100vw, 960px\" \/><\/figure><\/div>\n","protected":false},"excerpt":{"rendered":"<p>Korona g\u00fcnlerinde s\u0131n\u0131rlar\u0131n\u0131 kapatan ab \u00fclkelerinde tar\u0131ma dair ilgin\u00e7 geli\u015fmeler ya\u015fan\u0131yor. \u00c7ift\u00e7ilik yapt\u0131\u011f\u0131m b\u00f6lge dahil [&hellip;]<\/p>\n","protected":false},"author":2,"featured_media":2075,"comment_status":"open","ping_status":"open","sticky":false,"template":"","format":"standard","meta":{"_monsterinsights_skip_tracking":false,"footnotes":""},"categories":[1],"tags":[],"class_list":["post-4267","post","type-post","status-publish","format-standard","has-post-thumbnail","hentry","category-genel"],"_links":{"self":[{"href":"https:\/\/dogal-tarim.org\/index.php\/wp-json\/wp\/v2\/posts\/4267","targetHints":{"allow":["GET"]}}],"collection":[{"href":"https:\/\/dogal-tarim.org\/index.php\/wp-json\/wp\/v2\/posts"}],"about":[{"href":"https:\/\/dogal-tarim.org\/index.php\/wp-json\/wp\/v2\/types\/post"}],"author":[{"embeddable":true,"href":"https:\/\/dogal-tarim.org\/index.php\/wp-json\/wp\/v2\/users\/2"}],"replies":[{"embeddable":true,"href":"https:\/\/dogal-tarim.org\/index.php\/wp-json\/wp\/v2\/comments?post=4267"}],"version-history":[{"count":4,"href":"https:\/\/dogal-tarim.org\/index.php\/wp-json\/wp\/v2\/posts\/4267\/revisions"}],"predecessor-version":[{"id":4371,"href":"https:\/\/dogal-tarim.org\/index.php\/wp-json\/wp\/v2\/posts\/4267\/revisions\/4371"}],"wp:featuredmedia":[{"embeddable":true,"href":"https:\/\/dogal-tarim.org\/index.php\/wp-json\/wp\/v2\/media\/2075"}],"wp:attachment":[{"href":"https:\/\/dogal-tarim.org\/index.php\/wp-json\/wp\/v2\/media?parent=4267"}],"wp:term":[{"taxonomy":"category","embeddable":true,"href":"https:\/\/dogal-tarim.org\/index.php\/wp-json\/wp\/v2\/categories?post=4267"},{"taxonomy":"post_tag","embeddable":true,"href":"https:\/\/dogal-tarim.org\/index.php\/wp-json\/wp\/v2\/tags?post=4267"}],"curies":[{"name":"wp","href":"https:\/\/api.w.org\/{rel}","templated":true}]}}