{"id":11455,"date":"2022-03-09T21:44:40","date_gmt":"2022-03-09T18:44:40","guid":{"rendered":"https:\/\/dogal-tarim.org\/?p=11455"},"modified":"2022-03-14T16:10:35","modified_gmt":"2022-03-14T13:10:35","slug":"siirtte-dogal-tarim-bostani","status":"publish","type":"post","link":"https:\/\/dogal-tarim.org\/index.php\/2022\/03\/09\/siirtte-dogal-tarim-bostani\/","title":{"rendered":"Siirt&#8217;te do\u011fal tar\u0131m bostan\u0131"},"content":{"rendered":"<p>Sabri Kayra Bey&#8217;in Siirtteki do\u011fal tar\u0131m bostan\u0131. Sonbaharda do\u011fal hayvan g\u00fcbresi ve ard\u0131ndan ekin saplar\u0131 topra\u011fa serildi.<br>\nEkin saplar\u0131n\u0131n yar\u0131s\u0131 kompost olup topra\u011fa kar\u0131\u015fm\u0131\u015f durumda. Bu g\u00fcnlerde mal\u00e7 \u00f6rt\u00fcs\u00fc tekrar 20 cm dolaylar\u0131na gelecek \u015fekilde ekin sap\u0131 eklenecek ve bostan yaz i\u00e7in haz\u0131r olacak.<\/p>\n<p>Topra\u011f\u0131 s\u00fcrmek veya \u00e7apalma yok,<br>\nYabani otlarla m\u00fccadele yok,<br>\n\u0130lk sene i\u00e7in do\u011fal g\u00fcbre topra\u011fa serildi(iste\u011fe ba\u011fl\u0131 olarak ilk senelerde kullan\u0131labilir),<br>\nSu kullan\u0131m\u0131 Siirt ikliminde dahi s\u0131f\u0131r olacakt\u0131r.<\/p>\n\n\n<div class=\"wp-block-columns are-vertically-aligned-center is-layout-flex wp-container-core-columns-is-layout-8f761849 wp-block-columns-is-layout-flex\">\n<div class=\"wp-block-column is-vertically-aligned-center is-layout-flow wp-block-column-is-layout-flow\" style=\"flex-basis:50%\">\n<div class=\"wp-block-group\"><div class=\"wp-block-group__inner-container is-layout-flow wp-block-group-is-layout-flow\">\n<figure class=\"wp-block-video\"><video height=\"640\" style=\"aspect-ratio: 480 \/ 640;\" width=\"480\" controls src=\"https:\/\/dogal-tarim.org\/wp-content\/uploads\/2022\/03\/VID-20220309-WA0008.mp4\"><\/video><\/figure>\n<\/div><\/div>\n<\/div>\n\n\n\n<div class=\"wp-block-column is-layout-flow wp-block-column-is-layout-flow\" style=\"flex-basis:50%\">\n<figure class=\"wp-block-video\"><video height=\"640\" style=\"aspect-ratio: 480 \/ 640;\" width=\"480\" controls preload=\"none\" src=\"https:\/\/dogal-tarim.org\/wp-content\/uploads\/2022\/03\/VID-20220309-WA0007.mp4\"><\/video><\/figure>\n<\/div>\n<\/div>\n","protected":false},"excerpt":{"rendered":"<p>Sabri Kayra Bey&#8217;in Siirtteki do\u011fal tar\u0131m bostan\u0131. Sonbaharda do\u011fal hayvan g\u00fcbresi ve ard\u0131ndan ekin saplar\u0131 [&hellip;]<\/p>\n","protected":false},"author":2,"featured_media":0,"comment_status":"open","ping_status":"open","sticky":false,"template":"","format":"standard","meta":{"_monsterinsights_skip_tracking":false,"footnotes":""},"categories":[1],"tags":[],"class_list":["post-11455","post","type-post","status-publish","format-standard","hentry","category-genel"],"_links":{"self":[{"href":"https:\/\/dogal-tarim.org\/index.php\/wp-json\/wp\/v2\/posts\/11455","targetHints":{"allow":["GET"]}}],"collection":[{"href":"https:\/\/dogal-tarim.org\/index.php\/wp-json\/wp\/v2\/posts"}],"about":[{"href":"https:\/\/dogal-tarim.org\/index.php\/wp-json\/wp\/v2\/types\/post"}],"author":[{"embeddable":true,"href":"https:\/\/dogal-tarim.org\/index.php\/wp-json\/wp\/v2\/users\/2"}],"replies":[{"embeddable":true,"href":"https:\/\/dogal-tarim.org\/index.php\/wp-json\/wp\/v2\/comments?post=11455"}],"version-history":[{"count":6,"href":"https:\/\/dogal-tarim.org\/index.php\/wp-json\/wp\/v2\/posts\/11455\/revisions"}],"predecessor-version":[{"id":11481,"href":"https:\/\/dogal-tarim.org\/index.php\/wp-json\/wp\/v2\/posts\/11455\/revisions\/11481"}],"wp:attachment":[{"href":"https:\/\/dogal-tarim.org\/index.php\/wp-json\/wp\/v2\/media?parent=11455"}],"wp:term":[{"taxonomy":"category","embeddable":true,"href":"https:\/\/dogal-tarim.org\/index.php\/wp-json\/wp\/v2\/categories?post=11455"},{"taxonomy":"post_tag","embeddable":true,"href":"https:\/\/dogal-tarim.org\/index.php\/wp-json\/wp\/v2\/tags?post=11455"}],"curies":[{"name":"wp","href":"https:\/\/api.w.org\/{rel}","templated":true}]}}